{"id":5961,"date":"2019-12-03T15:52:46","date_gmt":"2019-12-03T15:52:46","guid":{"rendered":"https:\/\/blog.casanova-immobilienmallorca.de\/?p=5961"},"modified":"2021-05-25T15:06:48","modified_gmt":"2021-05-25T15:06:48","slug":"ofertas-inmobiliarias-en-estilo-moderno-para-usted-en-mallorca","status":"publish","type":"post","link":"https:\/\/www.mallorcaimmobilien.com\/blog\/es\/ofertas-inmobiliarias-en-estilo-moderno-para-usted-en-mallorca\/","title":{"rendered":"Ofertas Inmobiliarias en estilo moderno para usted en Mallorca"},"content":{"rendered":"<p><img loading=\"lazy\" decoding=\"async\" class=\"alignnone size-full wp-image-5962\" src=\"https:\/\/www.mallorcaimmobilien.com\/blog\/es\/wp-content\/uploads\/2019\/12\/casanova_eingang-2-1.jpg\" alt=\"\" width=\"720\" height=\"462\" srcset=\"https:\/\/www.mallorcaimmobilien.com\/blog\/es\/wp-content\/uploads\/2019\/12\/casanova_eingang-2-1.jpg 720w, https:\/\/www.mallorcaimmobilien.com\/blog\/es\/wp-content\/uploads\/2019\/12\/casanova_eingang-2-1-330x212.jpg 330w, https:\/\/www.mallorcaimmobilien.com\/blog\/es\/wp-content\/uploads\/2019\/12\/casanova_eingang-2-1-648x416.jpg 648w\" sizes=\"auto, (max-width: 720px) 100vw, 720px\" \/><\/p>\n<h2>Arquitectura moderna en un ambiente mediterr\u00e1neo en Mallorca.<\/h2>\n<p>Ahora en la temporada de Adviento, muchos est\u00e1n rescordando el a\u00f1o 2019 y est\u00e1n pensando en sus deseos y planes para el pr\u00f3ximo a\u00f1o 2020. <!--more-->Tambi\u00e9n debe haber una meta, a experimentar su tiempo libre de forma m\u00e1s agradable y relajada y a realizar sus propios deseos con mayor frecuencia. Una segunda propiedad en nuestra soleada isla de Mallorca sigue siendo un deseo de muchos, incluso como una inversi\u00f3n de valor rentable en un buen futuro.<\/p>\n<p>En esta ocasi\u00f3n hemos seleccionado para usted propiedades con arquitectura moderna y contempor\u00e1nea que merecen su inter\u00e9s. Y en nuestra p\u00e1gina web encontrar\u00e1 otras ofertas actuales que se ajustar\u00e1n a sus necesidades.<\/p>\n<p>La comunicaci\u00f3n con ustedes tambi\u00e9n a trav\u00e9s de las redes sociales es muy importante para nosotros y aqu\u00ed podemos informarles diariamente sobre las noticias. Es por eso que ahora hemos hecho nuestra aparici\u00f3n en \u00ab<a href=\"https:\/\/www.instagram.com\/casanovaproperties.mallorca\/\" target=\"_blank\" rel=\"noopener noreferrer\">instagram<\/a>\u00bb m\u00e1s moderna e informativa.<\/p>\n<p>Vis\u00edtenos en \u00ab<a href=\"https:\/\/www.instagram.com\/casanovaproperties.mallorca\/\" target=\"_blank\" rel=\"noopener noreferrer\">casanovaproperties.mallorca<\/a>\u00ab!<\/p>\n<p><strong>Les deseamos una tranquila temporada de Adviento!<\/strong><\/p>\n","protected":false},"excerpt":{"rendered":"<p>Arquitectura moderna en un ambiente mediterr\u00e1neo en Mallorca. Ahora en la temporada de Adviento, muchos est\u00e1n rescordando el a\u00f1o 2019 y est\u00e1n pensando en sus deseos y planes para el pr\u00f3ximo a\u00f1o 2020.<\/p>\n","protected":false},"author":2,"featured_media":5962,"comment_status":"closed","ping_status":"closed","sticky":false,"template":"","format":"standard","meta":{"footnotes":""},"categories":[505,502,504],"tags":[],"class_list":["post-5961","post","type-post","status-publish","format-standard","has-post-thumbnail","hentry","category-agente-inmobiliario-de-mallorca","category-casa-nova-properties","category-mercado-inmobiliario-mallorca"],"yoast_head":"<!-- This site is optimized with the Yoast SEO plugin v27.4 - https:\/\/yoast.com\/product\/yoast-seo-wordpress\/ -->\n<title>Ofertas Inmobiliarias en estilo moderno para usted en Mallorca -<\/title>\n<meta name=\"description\" content=\"Ahora en la temporada de Adviento, muchos est\u00e1n rescordando el a\u00f1o 2019 y est\u00e1n pensando en sus deseos y planes para el pr\u00f3ximo a\u00f1o 2020.\" \/>\n<meta name=\"robots\" content=\"index, follow, max-snippet:-1, max-image-preview:large, max-video-preview:-1\" \/>\n<link rel=\"canonical\" href=\"https:\/\/www.mallorcaimmobilien.com\/blog\/es\/ofertas-inmobiliarias-en-estilo-moderno-para-usted-en-mallorca\/\" \/>\n<meta property=\"og:locale\" content=\"es_ES\" \/>\n<meta property=\"og:type\" content=\"article\" \/>\n<meta property=\"og:title\" content=\"Ofertas Inmobiliarias en estilo moderno para usted en Mallorca -\" \/>\n<meta property=\"og:description\" content=\"Ahora en la temporada de Adviento, muchos est\u00e1n rescordando el a\u00f1o 2019 y est\u00e1n pensando en sus deseos y planes para el pr\u00f3ximo a\u00f1o 2020.\" \/>\n<meta property=\"og:url\" content=\"https:\/\/www.mallorcaimmobilien.com\/blog\/es\/ofertas-inmobiliarias-en-estilo-moderno-para-usted-en-mallorca\/\" \/>\n<meta property=\"og:site_name\" content=\"Immobilien Mallorca Blog\" \/>\n<meta property=\"article:publisher\" content=\"https:\/\/www.facebook.com\/casanova.immobilien.mallorca\" \/>\n<meta property=\"article:published_time\" content=\"2019-12-03T15:52:46+00:00\" \/>\n<meta property=\"article:modified_time\" content=\"2021-05-25T15:06:48+00:00\" \/>\n<meta property=\"og:image\" content=\"https:\/\/www.mallorcaimmobilien.com\/blog\/es\/wp-content\/uploads\/2019\/12\/casanova_eingang-2-1.jpg\" \/>\n\t<meta property=\"og:image:width\" content=\"720\" \/>\n\t<meta property=\"og:image:height\" content=\"462\" \/>\n\t<meta property=\"og:image:type\" content=\"image\/jpeg\" \/>\n<meta name=\"author\" content=\"Thilo Alt\" \/>\n<meta name=\"twitter:card\" content=\"summary_large_image\" \/>\n<meta name=\"twitter:creator\" content=\"@Immosantaponsa\" \/>\n<meta name=\"twitter:site\" content=\"@Immosantaponsa\" \/>\n<meta name=\"twitter:label1\" content=\"Escrito por\" \/>\n\t<meta name=\"twitter:data1\" content=\"Thilo Alt\" \/>\n\t<meta name=\"twitter:label2\" content=\"Tiempo de lectura\" \/>\n\t<meta name=\"twitter:data2\" content=\"1 minuto\" \/>\n<script type=\"application\/ld+json\" class=\"yoast-schema-graph\">{\"@context\":\"https:\\\/\\\/schema.org\",\"@graph\":[{\"@type\":\"Article\",\"@id\":\"https:\\\/\\\/www.mallorcaimmobilien.com\\\/blog\\\/es\\\/ofertas-inmobiliarias-en-estilo-moderno-para-usted-en-mallorca\\\/#article\",\"isPartOf\":{\"@id\":\"https:\\\/\\\/www.mallorcaimmobilien.com\\\/blog\\\/es\\\/ofertas-inmobiliarias-en-estilo-moderno-para-usted-en-mallorca\\\/\"},\"author\":{\"name\":\"Thilo Alt\",\"@id\":\"https:\\\/\\\/www.mallorcaimmobilien.com\\\/blog\\\/es\\\/#\\\/schema\\\/person\\\/2c54bcf9ef1047071358c9568daf9313\"},\"headline\":\"Ofertas Inmobiliarias en estilo moderno para usted en Mallorca\",\"datePublished\":\"2019-12-03T15:52:46+00:00\",\"dateModified\":\"2021-05-25T15:06:48+00:00\",\"mainEntityOfPage\":{\"@id\":\"https:\\\/\\\/www.mallorcaimmobilien.com\\\/blog\\\/es\\\/ofertas-inmobiliarias-en-estilo-moderno-para-usted-en-mallorca\\\/\"},\"wordCount\":193,\"publisher\":{\"@id\":\"https:\\\/\\\/www.mallorcaimmobilien.com\\\/blog\\\/es\\\/#organization\"},\"image\":{\"@id\":\"https:\\\/\\\/www.mallorcaimmobilien.com\\\/blog\\\/es\\\/ofertas-inmobiliarias-en-estilo-moderno-para-usted-en-mallorca\\\/#primaryimage\"},\"thumbnailUrl\":\"https:\\\/\\\/www.mallorcaimmobilien.com\\\/blog\\\/es\\\/wp-content\\\/uploads\\\/2019\\\/12\\\/casanova_eingang-2-1.jpg\",\"articleSection\":[\"Agente inmobiliario de Mallorca\",\"Casa Nova Properties\",\"Mercado inmobiliario Mallorca\"],\"inLanguage\":\"es\"},{\"@type\":\"WebPage\",\"@id\":\"https:\\\/\\\/www.mallorcaimmobilien.com\\\/blog\\\/es\\\/ofertas-inmobiliarias-en-estilo-moderno-para-usted-en-mallorca\\\/\",\"url\":\"https:\\\/\\\/www.mallorcaimmobilien.com\\\/blog\\\/es\\\/ofertas-inmobiliarias-en-estilo-moderno-para-usted-en-mallorca\\\/\",\"name\":\"Ofertas Inmobiliarias en estilo moderno para usted en Mallorca -\",\"isPartOf\":{\"@id\":\"https:\\\/\\\/www.mallorcaimmobilien.com\\\/blog\\\/es\\\/#website\"},\"primaryImageOfPage\":{\"@id\":\"https:\\\/\\\/www.mallorcaimmobilien.com\\\/blog\\\/es\\\/ofertas-inmobiliarias-en-estilo-moderno-para-usted-en-mallorca\\\/#primaryimage\"},\"image\":{\"@id\":\"https:\\\/\\\/www.mallorcaimmobilien.com\\\/blog\\\/es\\\/ofertas-inmobiliarias-en-estilo-moderno-para-usted-en-mallorca\\\/#primaryimage\"},\"thumbnailUrl\":\"https:\\\/\\\/www.mallorcaimmobilien.com\\\/blog\\\/es\\\/wp-content\\\/uploads\\\/2019\\\/12\\\/casanova_eingang-2-1.jpg\",\"datePublished\":\"2019-12-03T15:52:46+00:00\",\"dateModified\":\"2021-05-25T15:06:48+00:00\",\"description\":\"Ahora en la temporada de Adviento, muchos est\u00e1n rescordando el a\u00f1o 2019 y est\u00e1n pensando en sus deseos y planes para el pr\u00f3ximo a\u00f1o 2020.\",\"breadcrumb\":{\"@id\":\"https:\\\/\\\/www.mallorcaimmobilien.com\\\/blog\\\/es\\\/ofertas-inmobiliarias-en-estilo-moderno-para-usted-en-mallorca\\\/#breadcrumb\"},\"inLanguage\":\"es\",\"potentialAction\":[{\"@type\":\"ReadAction\",\"target\":[\"https:\\\/\\\/www.mallorcaimmobilien.com\\\/blog\\\/es\\\/ofertas-inmobiliarias-en-estilo-moderno-para-usted-en-mallorca\\\/\"]}]},{\"@type\":\"ImageObject\",\"inLanguage\":\"es\",\"@id\":\"https:\\\/\\\/www.mallorcaimmobilien.com\\\/blog\\\/es\\\/ofertas-inmobiliarias-en-estilo-moderno-para-usted-en-mallorca\\\/#primaryimage\",\"url\":\"https:\\\/\\\/www.mallorcaimmobilien.com\\\/blog\\\/es\\\/wp-content\\\/uploads\\\/2019\\\/12\\\/casanova_eingang-2-1.jpg\",\"contentUrl\":\"https:\\\/\\\/www.mallorcaimmobilien.com\\\/blog\\\/es\\\/wp-content\\\/uploads\\\/2019\\\/12\\\/casanova_eingang-2-1.jpg\",\"width\":720,\"height\":462,\"caption\":\"Entrada de las propiedades de Casa Nova\"},{\"@type\":\"BreadcrumbList\",\"@id\":\"https:\\\/\\\/www.mallorcaimmobilien.com\\\/blog\\\/es\\\/ofertas-inmobiliarias-en-estilo-moderno-para-usted-en-mallorca\\\/#breadcrumb\",\"itemListElement\":[{\"@type\":\"ListItem\",\"position\":1,\"name\":\"Startseite\",\"item\":\"https:\\\/\\\/www.mallorcaimmobilien.com\\\/blog\\\/es\\\/\"},{\"@type\":\"ListItem\",\"position\":2,\"name\":\"Ofertas Inmobiliarias en estilo moderno para usted en Mallorca\"}]},{\"@type\":\"WebSite\",\"@id\":\"https:\\\/\\\/www.mallorcaimmobilien.com\\\/blog\\\/es\\\/#website\",\"url\":\"https:\\\/\\\/www.mallorcaimmobilien.com\\\/blog\\\/es\\\/\",\"name\":\"Immobilien Mallorca Blog\",\"description\":\"Casa Nova Properties\",\"publisher\":{\"@id\":\"https:\\\/\\\/www.mallorcaimmobilien.com\\\/blog\\\/es\\\/#organization\"},\"potentialAction\":[{\"@type\":\"SearchAction\",\"target\":{\"@type\":\"EntryPoint\",\"urlTemplate\":\"https:\\\/\\\/www.mallorcaimmobilien.com\\\/blog\\\/es\\\/?s={search_term_string}\"},\"query-input\":{\"@type\":\"PropertyValueSpecification\",\"valueRequired\":true,\"valueName\":\"search_term_string\"}}],\"inLanguage\":\"es\"},{\"@type\":\"Organization\",\"@id\":\"https:\\\/\\\/www.mallorcaimmobilien.com\\\/blog\\\/es\\\/#organization\",\"name\":\"Casa Nova Properties S. L.\",\"url\":\"https:\\\/\\\/www.mallorcaimmobilien.com\\\/blog\\\/es\\\/\",\"logo\":{\"@type\":\"ImageObject\",\"inLanguage\":\"es\",\"@id\":\"https:\\\/\\\/www.mallorcaimmobilien.com\\\/blog\\\/es\\\/#\\\/schema\\\/logo\\\/image\\\/\",\"url\":\"\",\"contentUrl\":\"\",\"caption\":\"Casa Nova Properties S. L.\"},\"image\":{\"@id\":\"https:\\\/\\\/www.mallorcaimmobilien.com\\\/blog\\\/es\\\/#\\\/schema\\\/logo\\\/image\\\/\"},\"sameAs\":[\"https:\\\/\\\/www.facebook.com\\\/casanova.immobilien.mallorca\",\"https:\\\/\\\/x.com\\\/Immosantaponsa\",\"https:\\\/\\\/www.instagram.com\\\/casanovaproperties.mallorca\\\/\",\"http:\\\/\\\/www.pinterest.com\\\/cnpimmobilien\\\/\",\"https:\\\/\\\/www.youtube.com\\\/channel\\\/UC9PGIa8TcOBJrQEx3uGuLgw\"]},{\"@type\":\"Person\",\"@id\":\"https:\\\/\\\/www.mallorcaimmobilien.com\\\/blog\\\/es\\\/#\\\/schema\\\/person\\\/2c54bcf9ef1047071358c9568daf9313\",\"name\":\"Thilo Alt\",\"image\":{\"@type\":\"ImageObject\",\"inLanguage\":\"es\",\"@id\":\"https:\\\/\\\/secure.gravatar.com\\\/avatar\\\/982895c38c8bf94426d2459144e22e3bc4431a4ad16e74d9852dd4632fd9dc50?s=96&d=mm&r=g\",\"url\":\"https:\\\/\\\/secure.gravatar.com\\\/avatar\\\/982895c38c8bf94426d2459144e22e3bc4431a4ad16e74d9852dd4632fd9dc50?s=96&d=mm&r=g\",\"contentUrl\":\"https:\\\/\\\/secure.gravatar.com\\\/avatar\\\/982895c38c8bf94426d2459144e22e3bc4431a4ad16e74d9852dd4632fd9dc50?s=96&d=mm&r=g\",\"caption\":\"Thilo Alt\"},\"url\":\"https:\\\/\\\/www.mallorcaimmobilien.com\\\/blog\\\/es\\\/author\\\/thilo\\\/\"}]}<\/script>\n<!-- \/ Yoast SEO plugin. -->","yoast_head_json":{"title":"Ofertas Inmobiliarias en estilo moderno para usted en Mallorca -","description":"Ahora en la temporada de Adviento, muchos est\u00e1n rescordando el a\u00f1o 2019 y est\u00e1n pensando en sus deseos y planes para el pr\u00f3ximo a\u00f1o 2020.","robots":{"index":"index","follow":"follow","max-snippet":"max-snippet:-1","max-image-preview":"max-image-preview:large","max-video-preview":"max-video-preview:-1"},"canonical":"https:\/\/www.mallorcaimmobilien.com\/blog\/es\/ofertas-inmobiliarias-en-estilo-moderno-para-usted-en-mallorca\/","og_locale":"es_ES","og_type":"article","og_title":"Ofertas Inmobiliarias en estilo moderno para usted en Mallorca -","og_description":"Ahora en la temporada de Adviento, muchos est\u00e1n rescordando el a\u00f1o 2019 y est\u00e1n pensando en sus deseos y planes para el pr\u00f3ximo a\u00f1o 2020.","og_url":"https:\/\/www.mallorcaimmobilien.com\/blog\/es\/ofertas-inmobiliarias-en-estilo-moderno-para-usted-en-mallorca\/","og_site_name":"Immobilien Mallorca Blog","article_publisher":"https:\/\/www.facebook.com\/casanova.immobilien.mallorca","article_published_time":"2019-12-03T15:52:46+00:00","article_modified_time":"2021-05-25T15:06:48+00:00","og_image":[{"width":720,"height":462,"url":"https:\/\/www.mallorcaimmobilien.com\/blog\/es\/wp-content\/uploads\/2019\/12\/casanova_eingang-2-1.jpg","type":"image\/jpeg"}],"author":"Thilo Alt","twitter_card":"summary_large_image","twitter_creator":"@Immosantaponsa","twitter_site":"@Immosantaponsa","twitter_misc":{"Escrito por":"Thilo Alt","Tiempo de lectura":"1 minuto"},"schema":{"@context":"https:\/\/schema.org","@graph":[{"@type":"Article","@id":"https:\/\/www.mallorcaimmobilien.com\/blog\/es\/ofertas-inmobiliarias-en-estilo-moderno-para-usted-en-mallorca\/#article","isPartOf":{"@id":"https:\/\/www.mallorcaimmobilien.com\/blog\/es\/ofertas-inmobiliarias-en-estilo-moderno-para-usted-en-mallorca\/"},"author":{"name":"Thilo Alt","@id":"https:\/\/www.mallorcaimmobilien.com\/blog\/es\/#\/schema\/person\/2c54bcf9ef1047071358c9568daf9313"},"headline":"Ofertas Inmobiliarias en estilo moderno para usted en Mallorca","datePublished":"2019-12-03T15:52:46+00:00","dateModified":"2021-05-25T15:06:48+00:00","mainEntityOfPage":{"@id":"https:\/\/www.mallorcaimmobilien.com\/blog\/es\/ofertas-inmobiliarias-en-estilo-moderno-para-usted-en-mallorca\/"},"wordCount":193,"publisher":{"@id":"https:\/\/www.mallorcaimmobilien.com\/blog\/es\/#organization"},"image":{"@id":"https:\/\/www.mallorcaimmobilien.com\/blog\/es\/ofertas-inmobiliarias-en-estilo-moderno-para-usted-en-mallorca\/#primaryimage"},"thumbnailUrl":"https:\/\/www.mallorcaimmobilien.com\/blog\/es\/wp-content\/uploads\/2019\/12\/casanova_eingang-2-1.jpg","articleSection":["Agente inmobiliario de Mallorca","Casa Nova Properties","Mercado inmobiliario Mallorca"],"inLanguage":"es"},{"@type":"WebPage","@id":"https:\/\/www.mallorcaimmobilien.com\/blog\/es\/ofertas-inmobiliarias-en-estilo-moderno-para-usted-en-mallorca\/","url":"https:\/\/www.mallorcaimmobilien.com\/blog\/es\/ofertas-inmobiliarias-en-estilo-moderno-para-usted-en-mallorca\/","name":"Ofertas Inmobiliarias en estilo moderno para usted en Mallorca -","isPartOf":{"@id":"https:\/\/www.mallorcaimmobilien.com\/blog\/es\/#website"},"primaryImageOfPage":{"@id":"https:\/\/www.mallorcaimmobilien.com\/blog\/es\/ofertas-inmobiliarias-en-estilo-moderno-para-usted-en-mallorca\/#primaryimage"},"image":{"@id":"https:\/\/www.mallorcaimmobilien.com\/blog\/es\/ofertas-inmobiliarias-en-estilo-moderno-para-usted-en-mallorca\/#primaryimage"},"thumbnailUrl":"https:\/\/www.mallorcaimmobilien.com\/blog\/es\/wp-content\/uploads\/2019\/12\/casanova_eingang-2-1.jpg","datePublished":"2019-12-03T15:52:46+00:00","dateModified":"2021-05-25T15:06:48+00:00","description":"Ahora en la temporada de Adviento, muchos est\u00e1n rescordando el a\u00f1o 2019 y est\u00e1n pensando en sus deseos y planes para el pr\u00f3ximo a\u00f1o 2020.","breadcrumb":{"@id":"https:\/\/www.mallorcaimmobilien.com\/blog\/es\/ofertas-inmobiliarias-en-estilo-moderno-para-usted-en-mallorca\/#breadcrumb"},"inLanguage":"es","potentialAction":[{"@type":"ReadAction","target":["https:\/\/www.mallorcaimmobilien.com\/blog\/es\/ofertas-inmobiliarias-en-estilo-moderno-para-usted-en-mallorca\/"]}]},{"@type":"ImageObject","inLanguage":"es","@id":"https:\/\/www.mallorcaimmobilien.com\/blog\/es\/ofertas-inmobiliarias-en-estilo-moderno-para-usted-en-mallorca\/#primaryimage","url":"https:\/\/www.mallorcaimmobilien.com\/blog\/es\/wp-content\/uploads\/2019\/12\/casanova_eingang-2-1.jpg","contentUrl":"https:\/\/www.mallorcaimmobilien.com\/blog\/es\/wp-content\/uploads\/2019\/12\/casanova_eingang-2-1.jpg","width":720,"height":462,"caption":"Entrada de las propiedades de Casa Nova"},{"@type":"BreadcrumbList","@id":"https:\/\/www.mallorcaimmobilien.com\/blog\/es\/ofertas-inmobiliarias-en-estilo-moderno-para-usted-en-mallorca\/#breadcrumb","itemListElement":[{"@type":"ListItem","position":1,"name":"Startseite","item":"https:\/\/www.mallorcaimmobilien.com\/blog\/es\/"},{"@type":"ListItem","position":2,"name":"Ofertas Inmobiliarias en estilo moderno para usted en Mallorca"}]},{"@type":"WebSite","@id":"https:\/\/www.mallorcaimmobilien.com\/blog\/es\/#website","url":"https:\/\/www.mallorcaimmobilien.com\/blog\/es\/","name":"Immobilien Mallorca Blog","description":"Casa Nova Properties","publisher":{"@id":"https:\/\/www.mallorcaimmobilien.com\/blog\/es\/#organization"},"potentialAction":[{"@type":"SearchAction","target":{"@type":"EntryPoint","urlTemplate":"https:\/\/www.mallorcaimmobilien.com\/blog\/es\/?s={search_term_string}"},"query-input":{"@type":"PropertyValueSpecification","valueRequired":true,"valueName":"search_term_string"}}],"inLanguage":"es"},{"@type":"Organization","@id":"https:\/\/www.mallorcaimmobilien.com\/blog\/es\/#organization","name":"Casa Nova Properties S. L.","url":"https:\/\/www.mallorcaimmobilien.com\/blog\/es\/","logo":{"@type":"ImageObject","inLanguage":"es","@id":"https:\/\/www.mallorcaimmobilien.com\/blog\/es\/#\/schema\/logo\/image\/","url":"","contentUrl":"","caption":"Casa Nova Properties S. L."},"image":{"@id":"https:\/\/www.mallorcaimmobilien.com\/blog\/es\/#\/schema\/logo\/image\/"},"sameAs":["https:\/\/www.facebook.com\/casanova.immobilien.mallorca","https:\/\/x.com\/Immosantaponsa","https:\/\/www.instagram.com\/casanovaproperties.mallorca\/","http:\/\/www.pinterest.com\/cnpimmobilien\/","https:\/\/www.youtube.com\/channel\/UC9PGIa8TcOBJrQEx3uGuLgw"]},{"@type":"Person","@id":"https:\/\/www.mallorcaimmobilien.com\/blog\/es\/#\/schema\/person\/2c54bcf9ef1047071358c9568daf9313","name":"Thilo Alt","image":{"@type":"ImageObject","inLanguage":"es","@id":"https:\/\/secure.gravatar.com\/avatar\/982895c38c8bf94426d2459144e22e3bc4431a4ad16e74d9852dd4632fd9dc50?s=96&d=mm&r=g","url":"https:\/\/secure.gravatar.com\/avatar\/982895c38c8bf94426d2459144e22e3bc4431a4ad16e74d9852dd4632fd9dc50?s=96&d=mm&r=g","contentUrl":"https:\/\/secure.gravatar.com\/avatar\/982895c38c8bf94426d2459144e22e3bc4431a4ad16e74d9852dd4632fd9dc50?s=96&d=mm&r=g","caption":"Thilo Alt"},"url":"https:\/\/www.mallorcaimmobilien.com\/blog\/es\/author\/thilo\/"}]}},"_links":{"self":[{"href":"https:\/\/www.mallorcaimmobilien.com\/blog\/es\/wp-json\/wp\/v2\/posts\/5961","targetHints":{"allow":["GET"]}}],"collection":[{"href":"https:\/\/www.mallorcaimmobilien.com\/blog\/es\/wp-json\/wp\/v2\/posts"}],"about":[{"href":"https:\/\/www.mallorcaimmobilien.com\/blog\/es\/wp-json\/wp\/v2\/types\/post"}],"author":[{"embeddable":true,"href":"https:\/\/www.mallorcaimmobilien.com\/blog\/es\/wp-json\/wp\/v2\/users\/2"}],"replies":[{"embeddable":true,"href":"https:\/\/www.mallorcaimmobilien.com\/blog\/es\/wp-json\/wp\/v2\/comments?post=5961"}],"version-history":[{"count":1,"href":"https:\/\/www.mallorcaimmobilien.com\/blog\/es\/wp-json\/wp\/v2\/posts\/5961\/revisions"}],"predecessor-version":[{"id":7644,"href":"https:\/\/www.mallorcaimmobilien.com\/blog\/es\/wp-json\/wp\/v2\/posts\/5961\/revisions\/7644"}],"wp:featuredmedia":[{"embeddable":true,"href":"https:\/\/www.mallorcaimmobilien.com\/blog\/es\/wp-json\/wp\/v2\/media\/5962"}],"wp:attachment":[{"href":"https:\/\/www.mallorcaimmobilien.com\/blog\/es\/wp-json\/wp\/v2\/media?parent=5961"}],"wp:term":[{"taxonomy":"category","embeddable":true,"href":"https:\/\/www.mallorcaimmobilien.com\/blog\/es\/wp-json\/wp\/v2\/categories?post=5961"},{"taxonomy":"post_tag","embeddable":true,"href":"https:\/\/www.mallorcaimmobilien.com\/blog\/es\/wp-json\/wp\/v2\/tags?post=5961"}],"curies":[{"name":"wp","href":"https:\/\/api.w.org\/{rel}","templated":true}]}}