{"id":7893,"date":"2022-03-29T16:24:40","date_gmt":"2022-03-29T16:24:40","guid":{"rendered":"https:\/\/www.mallorcaimmobilien.com\/blog\/es\/?p=7893"},"modified":"2022-03-29T16:24:40","modified_gmt":"2022-03-29T16:24:40","slug":"somos-su-especialista-2","status":"publish","type":"post","link":"https:\/\/www.mallorcaimmobilien.com\/blog\/es\/somos-su-especialista-2\/","title":{"rendered":"Somos su especialista"},"content":{"rendered":"<h2><img loading=\"lazy\" decoding=\"async\" class=\"alignnone size-full wp-image-7894\" src=\"https:\/\/www.mallorcaimmobilien.com\/blog\/es\/wp-content\/uploads\/2022\/03\/header_750-2.jpg\" alt=\"Somos su especialista\" width=\"750\" height=\"422\" srcset=\"https:\/\/www.mallorcaimmobilien.com\/blog\/es\/wp-content\/uploads\/2022\/03\/header_750-2.jpg 750w, https:\/\/www.mallorcaimmobilien.com\/blog\/es\/wp-content\/uploads\/2022\/03\/header_750-2-330x186.jpg 330w, https:\/\/www.mallorcaimmobilien.com\/blog\/es\/wp-content\/uploads\/2022\/03\/header_750-2-739x416.jpg 739w\" sizes=\"auto, (max-width: 750px) 100vw, 750px\" \/><\/h2>\n<h2>Somos su especialista en inmuebles en el suroeste de Mallorca<\/h2>\n<p>En este bolet\u00edn volvemos a presentar propiedades nuevas y especiales, que nos gustar\u00eda recomendarle. <!--more-->Nuestro equipo, que conoce bien el suroeste de Mallorca, estar\u00e1 encantado de presentarle la propiedad de sus sue\u00f1os m\u00e1s adecuada y conveniente. Nuestra oficina en la calle principal de Santa Ponsa es un lugar popular para los posibles compradores y propietarios para tener una charla informativa con un caf\u00e9 o agua.<\/p>\n<p>Seguimos teniendo la mayor oferta de propiedades en el suroeste, por lo que casi siempre encontrar\u00e1 la propiedad que busca en cada categor\u00eda, piso, \u00e1tico, chalet, propiedad de lujo o parcela. \u00a1Aproveche esta oportunidad! Y debido a nuestro gran registro actual de interesados, tambi\u00e9n somos una buena direcci\u00f3n para los propietarios que quieren vender. Somos su socio competente que prepara la compra y la cita con el notario de forma profesional, para que despu\u00e9s ambas partes contratantes est\u00e9n satisfechas y puedan recomendarnos a otros.<\/p>\n<p><strong>Ese es nuestro objetivo final.<\/strong><\/p>\n<p>&nbsp;<\/p>\n<p><img loading=\"lazy\" decoding=\"async\" class=\"alignnone size-full wp-image-7895\" src=\"https:\/\/www.mallorcaimmobilien.com\/blog\/es\/wp-content\/uploads\/2022\/03\/footer.jpg\" alt=\"\" width=\"750\" height=\"277\" srcset=\"https:\/\/www.mallorcaimmobilien.com\/blog\/es\/wp-content\/uploads\/2022\/03\/footer.jpg 750w, https:\/\/www.mallorcaimmobilien.com\/blog\/es\/wp-content\/uploads\/2022\/03\/footer-330x122.jpg 330w\" sizes=\"auto, (max-width: 750px) 100vw, 750px\" \/><\/p>\n","protected":false},"excerpt":{"rendered":"<p>Somos su especialista en inmuebles en el suroeste de Mallorca En este bolet\u00edn volvemos a presentar propiedades nuevas y especiales, que nos gustar\u00eda recomendarle.<\/p>\n","protected":false},"author":2,"featured_media":7894,"comment_status":"open","ping_status":"open","sticky":false,"template":"","format":"standard","meta":{"footnotes":""},"categories":[1],"tags":[],"class_list":["post-7893","post","type-post","status-publish","format-standard","has-post-thumbnail","hentry","category-sin_asignacion"],"yoast_head":"<!-- This site is optimized with the Yoast SEO plugin v27.4 - https:\/\/yoast.com\/product\/yoast-seo-wordpress\/ -->\n<title>Somos su especialista - Immobilien Mallorca Blog<\/title>\n<meta name=\"description\" content=\"En este bolet\u00edn volvemos a presentar propiedades nuevas y especiales, que nos gustar\u00eda recomendarle.\" \/>\n<meta name=\"robots\" content=\"index, follow, max-snippet:-1, max-image-preview:large, max-video-preview:-1\" \/>\n<link rel=\"canonical\" href=\"https:\/\/www.mallorcaimmobilien.com\/blog\/es\/somos-su-especialista-2\/\" \/>\n<meta property=\"og:locale\" content=\"es_ES\" \/>\n<meta property=\"og:type\" content=\"article\" \/>\n<meta property=\"og:title\" content=\"Somos su especialista - Immobilien Mallorca Blog\" \/>\n<meta property=\"og:description\" content=\"En este bolet\u00edn volvemos a presentar propiedades nuevas y especiales, que nos gustar\u00eda recomendarle.\" \/>\n<meta property=\"og:url\" content=\"https:\/\/www.mallorcaimmobilien.com\/blog\/es\/somos-su-especialista-2\/\" \/>\n<meta property=\"og:site_name\" content=\"Immobilien Mallorca Blog\" \/>\n<meta property=\"article:publisher\" content=\"https:\/\/www.facebook.com\/casanova.immobilien.mallorca\" \/>\n<meta property=\"article:published_time\" content=\"2022-03-29T16:24:40+00:00\" \/>\n<meta property=\"og:image\" content=\"https:\/\/www.mallorcaimmobilien.com\/blog\/es\/wp-content\/uploads\/2022\/03\/header_750-2.jpg\" \/>\n\t<meta property=\"og:image:width\" content=\"750\" \/>\n\t<meta property=\"og:image:height\" content=\"422\" \/>\n\t<meta property=\"og:image:type\" content=\"image\/jpeg\" \/>\n<meta name=\"author\" content=\"Thilo Alt\" \/>\n<meta name=\"twitter:card\" content=\"summary_large_image\" \/>\n<meta name=\"twitter:creator\" content=\"@Immosantaponsa\" \/>\n<meta name=\"twitter:site\" content=\"@Immosantaponsa\" \/>\n<meta name=\"twitter:label1\" content=\"Escrito por\" \/>\n\t<meta name=\"twitter:data1\" content=\"Thilo Alt\" \/>\n\t<meta name=\"twitter:label2\" content=\"Tiempo de lectura\" \/>\n\t<meta name=\"twitter:data2\" content=\"2 minutos\" \/>\n<script type=\"application\/ld+json\" class=\"yoast-schema-graph\">{\"@context\":\"https:\\\/\\\/schema.org\",\"@graph\":[{\"@type\":\"Article\",\"@id\":\"https:\\\/\\\/www.mallorcaimmobilien.com\\\/blog\\\/es\\\/somos-su-especialista-2\\\/#article\",\"isPartOf\":{\"@id\":\"https:\\\/\\\/www.mallorcaimmobilien.com\\\/blog\\\/es\\\/somos-su-especialista-2\\\/\"},\"author\":{\"name\":\"Thilo Alt\",\"@id\":\"https:\\\/\\\/www.mallorcaimmobilien.com\\\/blog\\\/es\\\/#\\\/schema\\\/person\\\/2c54bcf9ef1047071358c9568daf9313\"},\"headline\":\"Somos su especialista\",\"datePublished\":\"2022-03-29T16:24:40+00:00\",\"mainEntityOfPage\":{\"@id\":\"https:\\\/\\\/www.mallorcaimmobilien.com\\\/blog\\\/es\\\/somos-su-especialista-2\\\/\"},\"wordCount\":177,\"commentCount\":0,\"publisher\":{\"@id\":\"https:\\\/\\\/www.mallorcaimmobilien.com\\\/blog\\\/es\\\/#organization\"},\"image\":{\"@id\":\"https:\\\/\\\/www.mallorcaimmobilien.com\\\/blog\\\/es\\\/somos-su-especialista-2\\\/#primaryimage\"},\"thumbnailUrl\":\"https:\\\/\\\/www.mallorcaimmobilien.com\\\/blog\\\/es\\\/wp-content\\\/uploads\\\/2022\\\/03\\\/header_750-2.jpg\",\"articleSection\":[\"sin asignaci\u00f3n\"],\"inLanguage\":\"es\",\"potentialAction\":[{\"@type\":\"CommentAction\",\"name\":\"Comment\",\"target\":[\"https:\\\/\\\/www.mallorcaimmobilien.com\\\/blog\\\/es\\\/somos-su-especialista-2\\\/#respond\"]}]},{\"@type\":\"WebPage\",\"@id\":\"https:\\\/\\\/www.mallorcaimmobilien.com\\\/blog\\\/es\\\/somos-su-especialista-2\\\/\",\"url\":\"https:\\\/\\\/www.mallorcaimmobilien.com\\\/blog\\\/es\\\/somos-su-especialista-2\\\/\",\"name\":\"Somos su especialista - Immobilien Mallorca Blog\",\"isPartOf\":{\"@id\":\"https:\\\/\\\/www.mallorcaimmobilien.com\\\/blog\\\/es\\\/#website\"},\"primaryImageOfPage\":{\"@id\":\"https:\\\/\\\/www.mallorcaimmobilien.com\\\/blog\\\/es\\\/somos-su-especialista-2\\\/#primaryimage\"},\"image\":{\"@id\":\"https:\\\/\\\/www.mallorcaimmobilien.com\\\/blog\\\/es\\\/somos-su-especialista-2\\\/#primaryimage\"},\"thumbnailUrl\":\"https:\\\/\\\/www.mallorcaimmobilien.com\\\/blog\\\/es\\\/wp-content\\\/uploads\\\/2022\\\/03\\\/header_750-2.jpg\",\"datePublished\":\"2022-03-29T16:24:40+00:00\",\"description\":\"En este bolet\u00edn volvemos a presentar propiedades nuevas y especiales, que nos gustar\u00eda recomendarle.\",\"breadcrumb\":{\"@id\":\"https:\\\/\\\/www.mallorcaimmobilien.com\\\/blog\\\/es\\\/somos-su-especialista-2\\\/#breadcrumb\"},\"inLanguage\":\"es\",\"potentialAction\":[{\"@type\":\"ReadAction\",\"target\":[\"https:\\\/\\\/www.mallorcaimmobilien.com\\\/blog\\\/es\\\/somos-su-especialista-2\\\/\"]}]},{\"@type\":\"ImageObject\",\"inLanguage\":\"es\",\"@id\":\"https:\\\/\\\/www.mallorcaimmobilien.com\\\/blog\\\/es\\\/somos-su-especialista-2\\\/#primaryimage\",\"url\":\"https:\\\/\\\/www.mallorcaimmobilien.com\\\/blog\\\/es\\\/wp-content\\\/uploads\\\/2022\\\/03\\\/header_750-2.jpg\",\"contentUrl\":\"https:\\\/\\\/www.mallorcaimmobilien.com\\\/blog\\\/es\\\/wp-content\\\/uploads\\\/2022\\\/03\\\/header_750-2.jpg\",\"width\":750,\"height\":422,\"caption\":\"Somos su especialista\"},{\"@type\":\"BreadcrumbList\",\"@id\":\"https:\\\/\\\/www.mallorcaimmobilien.com\\\/blog\\\/es\\\/somos-su-especialista-2\\\/#breadcrumb\",\"itemListElement\":[{\"@type\":\"ListItem\",\"position\":1,\"name\":\"Startseite\",\"item\":\"https:\\\/\\\/www.mallorcaimmobilien.com\\\/blog\\\/es\\\/\"},{\"@type\":\"ListItem\",\"position\":2,\"name\":\"Somos su especialista\"}]},{\"@type\":\"WebSite\",\"@id\":\"https:\\\/\\\/www.mallorcaimmobilien.com\\\/blog\\\/es\\\/#website\",\"url\":\"https:\\\/\\\/www.mallorcaimmobilien.com\\\/blog\\\/es\\\/\",\"name\":\"Immobilien Mallorca Blog\",\"description\":\"Casa Nova Properties\",\"publisher\":{\"@id\":\"https:\\\/\\\/www.mallorcaimmobilien.com\\\/blog\\\/es\\\/#organization\"},\"potentialAction\":[{\"@type\":\"SearchAction\",\"target\":{\"@type\":\"EntryPoint\",\"urlTemplate\":\"https:\\\/\\\/www.mallorcaimmobilien.com\\\/blog\\\/es\\\/?s={search_term_string}\"},\"query-input\":{\"@type\":\"PropertyValueSpecification\",\"valueRequired\":true,\"valueName\":\"search_term_string\"}}],\"inLanguage\":\"es\"},{\"@type\":\"Organization\",\"@id\":\"https:\\\/\\\/www.mallorcaimmobilien.com\\\/blog\\\/es\\\/#organization\",\"name\":\"Casa Nova Properties S. L.\",\"url\":\"https:\\\/\\\/www.mallorcaimmobilien.com\\\/blog\\\/es\\\/\",\"logo\":{\"@type\":\"ImageObject\",\"inLanguage\":\"es\",\"@id\":\"https:\\\/\\\/www.mallorcaimmobilien.com\\\/blog\\\/es\\\/#\\\/schema\\\/logo\\\/image\\\/\",\"url\":\"\",\"contentUrl\":\"\",\"caption\":\"Casa Nova Properties S. L.\"},\"image\":{\"@id\":\"https:\\\/\\\/www.mallorcaimmobilien.com\\\/blog\\\/es\\\/#\\\/schema\\\/logo\\\/image\\\/\"},\"sameAs\":[\"https:\\\/\\\/www.facebook.com\\\/casanova.immobilien.mallorca\",\"https:\\\/\\\/x.com\\\/Immosantaponsa\",\"https:\\\/\\\/www.instagram.com\\\/casanovaproperties.mallorca\\\/\",\"http:\\\/\\\/www.pinterest.com\\\/cnpimmobilien\\\/\",\"https:\\\/\\\/www.youtube.com\\\/channel\\\/UC9PGIa8TcOBJrQEx3uGuLgw\"]},{\"@type\":\"Person\",\"@id\":\"https:\\\/\\\/www.mallorcaimmobilien.com\\\/blog\\\/es\\\/#\\\/schema\\\/person\\\/2c54bcf9ef1047071358c9568daf9313\",\"name\":\"Thilo Alt\",\"image\":{\"@type\":\"ImageObject\",\"inLanguage\":\"es\",\"@id\":\"https:\\\/\\\/secure.gravatar.com\\\/avatar\\\/982895c38c8bf94426d2459144e22e3bc4431a4ad16e74d9852dd4632fd9dc50?s=96&d=mm&r=g\",\"url\":\"https:\\\/\\\/secure.gravatar.com\\\/avatar\\\/982895c38c8bf94426d2459144e22e3bc4431a4ad16e74d9852dd4632fd9dc50?s=96&d=mm&r=g\",\"contentUrl\":\"https:\\\/\\\/secure.gravatar.com\\\/avatar\\\/982895c38c8bf94426d2459144e22e3bc4431a4ad16e74d9852dd4632fd9dc50?s=96&d=mm&r=g\",\"caption\":\"Thilo Alt\"},\"url\":\"https:\\\/\\\/www.mallorcaimmobilien.com\\\/blog\\\/es\\\/author\\\/thilo\\\/\"}]}<\/script>\n<!-- \/ Yoast SEO plugin. -->","yoast_head_json":{"title":"Somos su especialista - Immobilien Mallorca Blog","description":"En este bolet\u00edn volvemos a presentar propiedades nuevas y especiales, que nos gustar\u00eda recomendarle.","robots":{"index":"index","follow":"follow","max-snippet":"max-snippet:-1","max-image-preview":"max-image-preview:large","max-video-preview":"max-video-preview:-1"},"canonical":"https:\/\/www.mallorcaimmobilien.com\/blog\/es\/somos-su-especialista-2\/","og_locale":"es_ES","og_type":"article","og_title":"Somos su especialista - Immobilien Mallorca Blog","og_description":"En este bolet\u00edn volvemos a presentar propiedades nuevas y especiales, que nos gustar\u00eda recomendarle.","og_url":"https:\/\/www.mallorcaimmobilien.com\/blog\/es\/somos-su-especialista-2\/","og_site_name":"Immobilien Mallorca Blog","article_publisher":"https:\/\/www.facebook.com\/casanova.immobilien.mallorca","article_published_time":"2022-03-29T16:24:40+00:00","og_image":[{"width":750,"height":422,"url":"https:\/\/www.mallorcaimmobilien.com\/blog\/es\/wp-content\/uploads\/2022\/03\/header_750-2.jpg","type":"image\/jpeg"}],"author":"Thilo Alt","twitter_card":"summary_large_image","twitter_creator":"@Immosantaponsa","twitter_site":"@Immosantaponsa","twitter_misc":{"Escrito por":"Thilo Alt","Tiempo de lectura":"2 minutos"},"schema":{"@context":"https:\/\/schema.org","@graph":[{"@type":"Article","@id":"https:\/\/www.mallorcaimmobilien.com\/blog\/es\/somos-su-especialista-2\/#article","isPartOf":{"@id":"https:\/\/www.mallorcaimmobilien.com\/blog\/es\/somos-su-especialista-2\/"},"author":{"name":"Thilo Alt","@id":"https:\/\/www.mallorcaimmobilien.com\/blog\/es\/#\/schema\/person\/2c54bcf9ef1047071358c9568daf9313"},"headline":"Somos su especialista","datePublished":"2022-03-29T16:24:40+00:00","mainEntityOfPage":{"@id":"https:\/\/www.mallorcaimmobilien.com\/blog\/es\/somos-su-especialista-2\/"},"wordCount":177,"commentCount":0,"publisher":{"@id":"https:\/\/www.mallorcaimmobilien.com\/blog\/es\/#organization"},"image":{"@id":"https:\/\/www.mallorcaimmobilien.com\/blog\/es\/somos-su-especialista-2\/#primaryimage"},"thumbnailUrl":"https:\/\/www.mallorcaimmobilien.com\/blog\/es\/wp-content\/uploads\/2022\/03\/header_750-2.jpg","articleSection":["sin asignaci\u00f3n"],"inLanguage":"es","potentialAction":[{"@type":"CommentAction","name":"Comment","target":["https:\/\/www.mallorcaimmobilien.com\/blog\/es\/somos-su-especialista-2\/#respond"]}]},{"@type":"WebPage","@id":"https:\/\/www.mallorcaimmobilien.com\/blog\/es\/somos-su-especialista-2\/","url":"https:\/\/www.mallorcaimmobilien.com\/blog\/es\/somos-su-especialista-2\/","name":"Somos su especialista - Immobilien Mallorca Blog","isPartOf":{"@id":"https:\/\/www.mallorcaimmobilien.com\/blog\/es\/#website"},"primaryImageOfPage":{"@id":"https:\/\/www.mallorcaimmobilien.com\/blog\/es\/somos-su-especialista-2\/#primaryimage"},"image":{"@id":"https:\/\/www.mallorcaimmobilien.com\/blog\/es\/somos-su-especialista-2\/#primaryimage"},"thumbnailUrl":"https:\/\/www.mallorcaimmobilien.com\/blog\/es\/wp-content\/uploads\/2022\/03\/header_750-2.jpg","datePublished":"2022-03-29T16:24:40+00:00","description":"En este bolet\u00edn volvemos a presentar propiedades nuevas y especiales, que nos gustar\u00eda recomendarle.","breadcrumb":{"@id":"https:\/\/www.mallorcaimmobilien.com\/blog\/es\/somos-su-especialista-2\/#breadcrumb"},"inLanguage":"es","potentialAction":[{"@type":"ReadAction","target":["https:\/\/www.mallorcaimmobilien.com\/blog\/es\/somos-su-especialista-2\/"]}]},{"@type":"ImageObject","inLanguage":"es","@id":"https:\/\/www.mallorcaimmobilien.com\/blog\/es\/somos-su-especialista-2\/#primaryimage","url":"https:\/\/www.mallorcaimmobilien.com\/blog\/es\/wp-content\/uploads\/2022\/03\/header_750-2.jpg","contentUrl":"https:\/\/www.mallorcaimmobilien.com\/blog\/es\/wp-content\/uploads\/2022\/03\/header_750-2.jpg","width":750,"height":422,"caption":"Somos su especialista"},{"@type":"BreadcrumbList","@id":"https:\/\/www.mallorcaimmobilien.com\/blog\/es\/somos-su-especialista-2\/#breadcrumb","itemListElement":[{"@type":"ListItem","position":1,"name":"Startseite","item":"https:\/\/www.mallorcaimmobilien.com\/blog\/es\/"},{"@type":"ListItem","position":2,"name":"Somos su especialista"}]},{"@type":"WebSite","@id":"https:\/\/www.mallorcaimmobilien.com\/blog\/es\/#website","url":"https:\/\/www.mallorcaimmobilien.com\/blog\/es\/","name":"Immobilien Mallorca Blog","description":"Casa Nova Properties","publisher":{"@id":"https:\/\/www.mallorcaimmobilien.com\/blog\/es\/#organization"},"potentialAction":[{"@type":"SearchAction","target":{"@type":"EntryPoint","urlTemplate":"https:\/\/www.mallorcaimmobilien.com\/blog\/es\/?s={search_term_string}"},"query-input":{"@type":"PropertyValueSpecification","valueRequired":true,"valueName":"search_term_string"}}],"inLanguage":"es"},{"@type":"Organization","@id":"https:\/\/www.mallorcaimmobilien.com\/blog\/es\/#organization","name":"Casa Nova Properties S. L.","url":"https:\/\/www.mallorcaimmobilien.com\/blog\/es\/","logo":{"@type":"ImageObject","inLanguage":"es","@id":"https:\/\/www.mallorcaimmobilien.com\/blog\/es\/#\/schema\/logo\/image\/","url":"","contentUrl":"","caption":"Casa Nova Properties S. L."},"image":{"@id":"https:\/\/www.mallorcaimmobilien.com\/blog\/es\/#\/schema\/logo\/image\/"},"sameAs":["https:\/\/www.facebook.com\/casanova.immobilien.mallorca","https:\/\/x.com\/Immosantaponsa","https:\/\/www.instagram.com\/casanovaproperties.mallorca\/","http:\/\/www.pinterest.com\/cnpimmobilien\/","https:\/\/www.youtube.com\/channel\/UC9PGIa8TcOBJrQEx3uGuLgw"]},{"@type":"Person","@id":"https:\/\/www.mallorcaimmobilien.com\/blog\/es\/#\/schema\/person\/2c54bcf9ef1047071358c9568daf9313","name":"Thilo Alt","image":{"@type":"ImageObject","inLanguage":"es","@id":"https:\/\/secure.gravatar.com\/avatar\/982895c38c8bf94426d2459144e22e3bc4431a4ad16e74d9852dd4632fd9dc50?s=96&d=mm&r=g","url":"https:\/\/secure.gravatar.com\/avatar\/982895c38c8bf94426d2459144e22e3bc4431a4ad16e74d9852dd4632fd9dc50?s=96&d=mm&r=g","contentUrl":"https:\/\/secure.gravatar.com\/avatar\/982895c38c8bf94426d2459144e22e3bc4431a4ad16e74d9852dd4632fd9dc50?s=96&d=mm&r=g","caption":"Thilo Alt"},"url":"https:\/\/www.mallorcaimmobilien.com\/blog\/es\/author\/thilo\/"}]}},"_links":{"self":[{"href":"https:\/\/www.mallorcaimmobilien.com\/blog\/es\/wp-json\/wp\/v2\/posts\/7893","targetHints":{"allow":["GET"]}}],"collection":[{"href":"https:\/\/www.mallorcaimmobilien.com\/blog\/es\/wp-json\/wp\/v2\/posts"}],"about":[{"href":"https:\/\/www.mallorcaimmobilien.com\/blog\/es\/wp-json\/wp\/v2\/types\/post"}],"author":[{"embeddable":true,"href":"https:\/\/www.mallorcaimmobilien.com\/blog\/es\/wp-json\/wp\/v2\/users\/2"}],"replies":[{"embeddable":true,"href":"https:\/\/www.mallorcaimmobilien.com\/blog\/es\/wp-json\/wp\/v2\/comments?post=7893"}],"version-history":[{"count":1,"href":"https:\/\/www.mallorcaimmobilien.com\/blog\/es\/wp-json\/wp\/v2\/posts\/7893\/revisions"}],"predecessor-version":[{"id":7896,"href":"https:\/\/www.mallorcaimmobilien.com\/blog\/es\/wp-json\/wp\/v2\/posts\/7893\/revisions\/7896"}],"wp:featuredmedia":[{"embeddable":true,"href":"https:\/\/www.mallorcaimmobilien.com\/blog\/es\/wp-json\/wp\/v2\/media\/7894"}],"wp:attachment":[{"href":"https:\/\/www.mallorcaimmobilien.com\/blog\/es\/wp-json\/wp\/v2\/media?parent=7893"}],"wp:term":[{"taxonomy":"category","embeddable":true,"href":"https:\/\/www.mallorcaimmobilien.com\/blog\/es\/wp-json\/wp\/v2\/categories?post=7893"},{"taxonomy":"post_tag","embeddable":true,"href":"https:\/\/www.mallorcaimmobilien.com\/blog\/es\/wp-json\/wp\/v2\/tags?post=7893"}],"curies":[{"name":"wp","href":"https:\/\/api.w.org\/{rel}","templated":true}]}}