{"id":8053,"date":"2023-05-11T09:18:13","date_gmt":"2023-05-11T09:18:13","guid":{"rendered":"https:\/\/www.mallorcaimmobilien.com\/blog\/es\/?p=8053"},"modified":"2024-09-04T10:28:02","modified_gmt":"2024-09-04T10:28:02","slug":"derecho-de-voto-de-los-residentes","status":"publish","type":"post","link":"https:\/\/www.mallorcaimmobilien.com\/blog\/es\/derecho-de-voto-de-los-residentes\/","title":{"rendered":"Derecho de voto de los residentes"},"content":{"rendered":"<p><img loading=\"lazy\" decoding=\"async\" class=\"alignnone wp-image-8054 size-full\" src=\"https:\/\/www.mallorcaimmobilien.com\/blog\/es\/wp-content\/uploads\/2023\/05\/20230511_header_750.jpg\" alt=\"\u00a1Todos los residentes deben hacer uso de su derecho al voto!\" width=\"750\" height=\"460\" srcset=\"https:\/\/www.mallorcaimmobilien.com\/blog\/es\/wp-content\/uploads\/2023\/05\/20230511_header_750.jpg 750w, https:\/\/www.mallorcaimmobilien.com\/blog\/es\/wp-content\/uploads\/2023\/05\/20230511_header_750-330x202.jpg 330w, https:\/\/www.mallorcaimmobilien.com\/blog\/es\/wp-content\/uploads\/2023\/05\/20230511_header_750-678x416.jpg 678w\" sizes=\"auto, (max-width: 750px) 100vw, 750px\" \/><\/p>\n<p>&nbsp;<\/p>\n<p>El domingo 28 de mayo de 2023 se elegir\u00e1 en Mallorca el parlamento regional y tambi\u00e9n las representaciones en los municipios.<!--more--><\/p>\n<p>En los \u00faltimos meses, los partidos escindidos de la izquierda en la coalici\u00f3n gobernante han dado a conocer numerosas exigencias, como limitar a\u00fan m\u00e1s el n\u00famero de turistas y cruceros e incluso prohibir la compra de inmuebles a los no residentes. Algunas demandas fueron rechazadas inmediatamente incluso por el gobierno de izquierdas de Madrid porque violar\u00edan claramente la legislaci\u00f3n europea sobre libertad de circulaci\u00f3n. Pero los partidos escindidos de la izquierda y los verdes inventan cada d\u00eda nuevas estrategias de prohibici\u00f3n para restringir a todos los ciudadanos y sus propiedades.<\/p>\n<p>El 28 de mayo, los ciudadanos de Baleares tendr\u00e1n que elegir entre la candidata Francina Armengol del PSOE de izquierdas y la candidata Marga Prohens del PP a la elecci\u00f3n del presidente del Gobierno.<\/p>\n<p><strong>Aqu\u00ed es muy importante:<\/strong> en las elecciones locales de los municipios tambi\u00e9n pueden votar los extranjeros empadronados como residentes. Por regla general, estos ciudadanos han recibido la\u00bbtarjeta censal\u00bb en su lugar de residencia. Adem\u00e1s, \u00a1lleve consigo al colegio electoral un documento v\u00e1lido y su n\u00famero de NIE!<\/p>\n<p>Y, por supuesto, haga uso de su derecho al voto para que sus intereses est\u00e9n mejor representados en la pr\u00f3xima legislatura. Aseg\u00farate con tu voto de que haya mayor\u00edas claras para un futuro libre y democr\u00e1tico, \u00a1para que no decidan grupos radicales escindidos!<br \/>\n\u00a1Para que nuestra Mallorca siga siendo habitable para todos!<\/p>\n<p>&nbsp;<\/p>\n<p><a class=\"btn btn-primary\" href=\"https:\/\/newsletter.mallorcaimmobilien.com\/20230511\/newsletter_es.html\" target=\"_blank\" rel=\"bookmark noopener\">AL BOLET\u00cdN<\/a><\/p>\n","protected":false},"excerpt":{"rendered":"<p>&nbsp; El domingo 28 de mayo de 2023 se elegir\u00e1 en Mallorca el parlamento regional y tambi\u00e9n las representaciones en los municipios.<\/p>\n","protected":false},"author":3,"featured_media":8054,"comment_status":"open","ping_status":"open","sticky":false,"template":"","format":"standard","meta":{"footnotes":""},"categories":[1],"tags":[],"class_list":["post-8053","post","type-post","status-publish","format-standard","has-post-thumbnail","hentry","category-sin_asignacion"],"yoast_head":"<!-- This site is optimized with the Yoast SEO plugin v27.5 - https:\/\/yoast.com\/product\/yoast-seo-wordpress\/ -->\n<title>Derecho de voto de los residentes - Immobilien Mallorca Blog<\/title>\n<meta name=\"description\" content=\"\u00a1Todos los residentes deben hacer uso de su derecho al voto!\" \/>\n<meta name=\"robots\" content=\"index, follow, max-snippet:-1, max-image-preview:large, max-video-preview:-1\" \/>\n<link rel=\"canonical\" href=\"https:\/\/www.mallorcaimmobilien.com\/blog\/es\/derecho-de-voto-de-los-residentes\/\" \/>\n<meta property=\"og:locale\" content=\"es_ES\" \/>\n<meta property=\"og:type\" content=\"article\" \/>\n<meta property=\"og:title\" content=\"Derecho de voto de los residentes - Immobilien Mallorca Blog\" \/>\n<meta property=\"og:description\" content=\"\u00a1Todos los residentes deben hacer uso de su derecho al voto!\" \/>\n<meta property=\"og:url\" content=\"https:\/\/www.mallorcaimmobilien.com\/blog\/es\/derecho-de-voto-de-los-residentes\/\" \/>\n<meta property=\"og:site_name\" content=\"Immobilien Mallorca Blog\" \/>\n<meta property=\"article:publisher\" content=\"https:\/\/www.facebook.com\/casanova.immobilien.mallorca\" \/>\n<meta property=\"article:published_time\" content=\"2023-05-11T09:18:13+00:00\" \/>\n<meta property=\"article:modified_time\" content=\"2024-09-04T10:28:02+00:00\" \/>\n<meta property=\"og:image\" content=\"https:\/\/www.mallorcaimmobilien.com\/blog\/es\/wp-content\/uploads\/2023\/05\/20230511_header_750.jpg\" \/>\n\t<meta property=\"og:image:width\" content=\"750\" \/>\n\t<meta property=\"og:image:height\" content=\"460\" \/>\n\t<meta property=\"og:image:type\" content=\"image\/jpeg\" \/>\n<meta name=\"author\" content=\"Reinulf Aniol\" \/>\n<meta name=\"twitter:card\" content=\"summary_large_image\" \/>\n<meta name=\"twitter:creator\" content=\"@Immosantaponsa\" \/>\n<meta name=\"twitter:site\" content=\"@Immosantaponsa\" \/>\n<meta name=\"twitter:label1\" content=\"Escrito por\" \/>\n\t<meta name=\"twitter:data1\" content=\"Reinulf Aniol\" \/>\n\t<meta name=\"twitter:label2\" content=\"Tiempo de lectura\" \/>\n\t<meta name=\"twitter:data2\" content=\"2 minutos\" \/>\n<script type=\"application\/ld+json\" class=\"yoast-schema-graph\">{\"@context\":\"https:\\\/\\\/schema.org\",\"@graph\":[{\"@type\":\"Article\",\"@id\":\"https:\\\/\\\/www.mallorcaimmobilien.com\\\/blog\\\/es\\\/derecho-de-voto-de-los-residentes\\\/#article\",\"isPartOf\":{\"@id\":\"https:\\\/\\\/www.mallorcaimmobilien.com\\\/blog\\\/es\\\/derecho-de-voto-de-los-residentes\\\/\"},\"author\":{\"name\":\"Reinulf Aniol\",\"@id\":\"https:\\\/\\\/www.mallorcaimmobilien.com\\\/blog\\\/es\\\/#\\\/schema\\\/person\\\/628abac594cd02ccedd2771f455c2ec7\"},\"headline\":\"Derecho de voto de los residentes\",\"datePublished\":\"2023-05-11T09:18:13+00:00\",\"dateModified\":\"2024-09-04T10:28:02+00:00\",\"mainEntityOfPage\":{\"@id\":\"https:\\\/\\\/www.mallorcaimmobilien.com\\\/blog\\\/es\\\/derecho-de-voto-de-los-residentes\\\/\"},\"wordCount\":274,\"commentCount\":0,\"publisher\":{\"@id\":\"https:\\\/\\\/www.mallorcaimmobilien.com\\\/blog\\\/es\\\/#organization\"},\"image\":{\"@id\":\"https:\\\/\\\/www.mallorcaimmobilien.com\\\/blog\\\/es\\\/derecho-de-voto-de-los-residentes\\\/#primaryimage\"},\"thumbnailUrl\":\"https:\\\/\\\/www.mallorcaimmobilien.com\\\/blog\\\/es\\\/wp-content\\\/uploads\\\/2023\\\/05\\\/20230511_header_750.jpg\",\"articleSection\":[\"sin asignaci\u00f3n\"],\"inLanguage\":\"es\",\"potentialAction\":[{\"@type\":\"CommentAction\",\"name\":\"Comment\",\"target\":[\"https:\\\/\\\/www.mallorcaimmobilien.com\\\/blog\\\/es\\\/derecho-de-voto-de-los-residentes\\\/#respond\"]}]},{\"@type\":\"WebPage\",\"@id\":\"https:\\\/\\\/www.mallorcaimmobilien.com\\\/blog\\\/es\\\/derecho-de-voto-de-los-residentes\\\/\",\"url\":\"https:\\\/\\\/www.mallorcaimmobilien.com\\\/blog\\\/es\\\/derecho-de-voto-de-los-residentes\\\/\",\"name\":\"Derecho de voto de los residentes - Immobilien Mallorca Blog\",\"isPartOf\":{\"@id\":\"https:\\\/\\\/www.mallorcaimmobilien.com\\\/blog\\\/es\\\/#website\"},\"primaryImageOfPage\":{\"@id\":\"https:\\\/\\\/www.mallorcaimmobilien.com\\\/blog\\\/es\\\/derecho-de-voto-de-los-residentes\\\/#primaryimage\"},\"image\":{\"@id\":\"https:\\\/\\\/www.mallorcaimmobilien.com\\\/blog\\\/es\\\/derecho-de-voto-de-los-residentes\\\/#primaryimage\"},\"thumbnailUrl\":\"https:\\\/\\\/www.mallorcaimmobilien.com\\\/blog\\\/es\\\/wp-content\\\/uploads\\\/2023\\\/05\\\/20230511_header_750.jpg\",\"datePublished\":\"2023-05-11T09:18:13+00:00\",\"dateModified\":\"2024-09-04T10:28:02+00:00\",\"description\":\"\u00a1Todos los residentes deben hacer uso de su derecho al voto!\",\"breadcrumb\":{\"@id\":\"https:\\\/\\\/www.mallorcaimmobilien.com\\\/blog\\\/es\\\/derecho-de-voto-de-los-residentes\\\/#breadcrumb\"},\"inLanguage\":\"es\",\"potentialAction\":[{\"@type\":\"ReadAction\",\"target\":[\"https:\\\/\\\/www.mallorcaimmobilien.com\\\/blog\\\/es\\\/derecho-de-voto-de-los-residentes\\\/\"]}]},{\"@type\":\"ImageObject\",\"inLanguage\":\"es\",\"@id\":\"https:\\\/\\\/www.mallorcaimmobilien.com\\\/blog\\\/es\\\/derecho-de-voto-de-los-residentes\\\/#primaryimage\",\"url\":\"https:\\\/\\\/www.mallorcaimmobilien.com\\\/blog\\\/es\\\/wp-content\\\/uploads\\\/2023\\\/05\\\/20230511_header_750.jpg\",\"contentUrl\":\"https:\\\/\\\/www.mallorcaimmobilien.com\\\/blog\\\/es\\\/wp-content\\\/uploads\\\/2023\\\/05\\\/20230511_header_750.jpg\",\"width\":750,\"height\":460,\"caption\":\"\u00a1Todos los residentes deben hacer uso de su derecho al voto!\"},{\"@type\":\"BreadcrumbList\",\"@id\":\"https:\\\/\\\/www.mallorcaimmobilien.com\\\/blog\\\/es\\\/derecho-de-voto-de-los-residentes\\\/#breadcrumb\",\"itemListElement\":[{\"@type\":\"ListItem\",\"position\":1,\"name\":\"Startseite\",\"item\":\"https:\\\/\\\/www.mallorcaimmobilien.com\\\/blog\\\/es\\\/\"},{\"@type\":\"ListItem\",\"position\":2,\"name\":\"Derecho de voto de los residentes\"}]},{\"@type\":\"WebSite\",\"@id\":\"https:\\\/\\\/www.mallorcaimmobilien.com\\\/blog\\\/es\\\/#website\",\"url\":\"https:\\\/\\\/www.mallorcaimmobilien.com\\\/blog\\\/es\\\/\",\"name\":\"Immobilien Mallorca Blog\",\"description\":\"Casa Nova Properties\",\"publisher\":{\"@id\":\"https:\\\/\\\/www.mallorcaimmobilien.com\\\/blog\\\/es\\\/#organization\"},\"potentialAction\":[{\"@type\":\"SearchAction\",\"target\":{\"@type\":\"EntryPoint\",\"urlTemplate\":\"https:\\\/\\\/www.mallorcaimmobilien.com\\\/blog\\\/es\\\/?s={search_term_string}\"},\"query-input\":{\"@type\":\"PropertyValueSpecification\",\"valueRequired\":true,\"valueName\":\"search_term_string\"}}],\"inLanguage\":\"es\"},{\"@type\":\"Organization\",\"@id\":\"https:\\\/\\\/www.mallorcaimmobilien.com\\\/blog\\\/es\\\/#organization\",\"name\":\"Casa Nova Properties S. L.\",\"url\":\"https:\\\/\\\/www.mallorcaimmobilien.com\\\/blog\\\/es\\\/\",\"logo\":{\"@type\":\"ImageObject\",\"inLanguage\":\"es\",\"@id\":\"https:\\\/\\\/www.mallorcaimmobilien.com\\\/blog\\\/es\\\/#\\\/schema\\\/logo\\\/image\\\/\",\"url\":\"\",\"contentUrl\":\"\",\"caption\":\"Casa Nova Properties S. L.\"},\"image\":{\"@id\":\"https:\\\/\\\/www.mallorcaimmobilien.com\\\/blog\\\/es\\\/#\\\/schema\\\/logo\\\/image\\\/\"},\"sameAs\":[\"https:\\\/\\\/www.facebook.com\\\/casanova.immobilien.mallorca\",\"https:\\\/\\\/x.com\\\/Immosantaponsa\",\"https:\\\/\\\/www.instagram.com\\\/casanovaproperties.mallorca\\\/\",\"http:\\\/\\\/www.pinterest.com\\\/cnpimmobilien\\\/\",\"https:\\\/\\\/www.youtube.com\\\/channel\\\/UC9PGIa8TcOBJrQEx3uGuLgw\"]},{\"@type\":\"Person\",\"@id\":\"https:\\\/\\\/www.mallorcaimmobilien.com\\\/blog\\\/es\\\/#\\\/schema\\\/person\\\/628abac594cd02ccedd2771f455c2ec7\",\"name\":\"Reinulf Aniol\",\"image\":{\"@type\":\"ImageObject\",\"inLanguage\":\"es\",\"@id\":\"https:\\\/\\\/secure.gravatar.com\\\/avatar\\\/a735cb8444edf4f72b8817e0c3c11060a84cddac53da886379d1899f95d81ac3?s=96&d=mm&r=g\",\"url\":\"https:\\\/\\\/secure.gravatar.com\\\/avatar\\\/a735cb8444edf4f72b8817e0c3c11060a84cddac53da886379d1899f95d81ac3?s=96&d=mm&r=g\",\"contentUrl\":\"https:\\\/\\\/secure.gravatar.com\\\/avatar\\\/a735cb8444edf4f72b8817e0c3c11060a84cddac53da886379d1899f95d81ac3?s=96&d=mm&r=g\",\"caption\":\"Reinulf Aniol\"},\"url\":\"https:\\\/\\\/www.mallorcaimmobilien.com\\\/blog\\\/es\\\/author\\\/reinulf-aniol\\\/\"}]}<\/script>\n<!-- \/ Yoast SEO plugin. -->","yoast_head_json":{"title":"Derecho de voto de los residentes - Immobilien Mallorca Blog","description":"\u00a1Todos los residentes deben hacer uso de su derecho al voto!","robots":{"index":"index","follow":"follow","max-snippet":"max-snippet:-1","max-image-preview":"max-image-preview:large","max-video-preview":"max-video-preview:-1"},"canonical":"https:\/\/www.mallorcaimmobilien.com\/blog\/es\/derecho-de-voto-de-los-residentes\/","og_locale":"es_ES","og_type":"article","og_title":"Derecho de voto de los residentes - Immobilien Mallorca Blog","og_description":"\u00a1Todos los residentes deben hacer uso de su derecho al voto!","og_url":"https:\/\/www.mallorcaimmobilien.com\/blog\/es\/derecho-de-voto-de-los-residentes\/","og_site_name":"Immobilien Mallorca Blog","article_publisher":"https:\/\/www.facebook.com\/casanova.immobilien.mallorca","article_published_time":"2023-05-11T09:18:13+00:00","article_modified_time":"2024-09-04T10:28:02+00:00","og_image":[{"width":750,"height":460,"url":"https:\/\/www.mallorcaimmobilien.com\/blog\/es\/wp-content\/uploads\/2023\/05\/20230511_header_750.jpg","type":"image\/jpeg"}],"author":"Reinulf Aniol","twitter_card":"summary_large_image","twitter_creator":"@Immosantaponsa","twitter_site":"@Immosantaponsa","twitter_misc":{"Escrito por":"Reinulf Aniol","Tiempo de lectura":"2 minutos"},"schema":{"@context":"https:\/\/schema.org","@graph":[{"@type":"Article","@id":"https:\/\/www.mallorcaimmobilien.com\/blog\/es\/derecho-de-voto-de-los-residentes\/#article","isPartOf":{"@id":"https:\/\/www.mallorcaimmobilien.com\/blog\/es\/derecho-de-voto-de-los-residentes\/"},"author":{"name":"Reinulf Aniol","@id":"https:\/\/www.mallorcaimmobilien.com\/blog\/es\/#\/schema\/person\/628abac594cd02ccedd2771f455c2ec7"},"headline":"Derecho de voto de los residentes","datePublished":"2023-05-11T09:18:13+00:00","dateModified":"2024-09-04T10:28:02+00:00","mainEntityOfPage":{"@id":"https:\/\/www.mallorcaimmobilien.com\/blog\/es\/derecho-de-voto-de-los-residentes\/"},"wordCount":274,"commentCount":0,"publisher":{"@id":"https:\/\/www.mallorcaimmobilien.com\/blog\/es\/#organization"},"image":{"@id":"https:\/\/www.mallorcaimmobilien.com\/blog\/es\/derecho-de-voto-de-los-residentes\/#primaryimage"},"thumbnailUrl":"https:\/\/www.mallorcaimmobilien.com\/blog\/es\/wp-content\/uploads\/2023\/05\/20230511_header_750.jpg","articleSection":["sin asignaci\u00f3n"],"inLanguage":"es","potentialAction":[{"@type":"CommentAction","name":"Comment","target":["https:\/\/www.mallorcaimmobilien.com\/blog\/es\/derecho-de-voto-de-los-residentes\/#respond"]}]},{"@type":"WebPage","@id":"https:\/\/www.mallorcaimmobilien.com\/blog\/es\/derecho-de-voto-de-los-residentes\/","url":"https:\/\/www.mallorcaimmobilien.com\/blog\/es\/derecho-de-voto-de-los-residentes\/","name":"Derecho de voto de los residentes - Immobilien Mallorca Blog","isPartOf":{"@id":"https:\/\/www.mallorcaimmobilien.com\/blog\/es\/#website"},"primaryImageOfPage":{"@id":"https:\/\/www.mallorcaimmobilien.com\/blog\/es\/derecho-de-voto-de-los-residentes\/#primaryimage"},"image":{"@id":"https:\/\/www.mallorcaimmobilien.com\/blog\/es\/derecho-de-voto-de-los-residentes\/#primaryimage"},"thumbnailUrl":"https:\/\/www.mallorcaimmobilien.com\/blog\/es\/wp-content\/uploads\/2023\/05\/20230511_header_750.jpg","datePublished":"2023-05-11T09:18:13+00:00","dateModified":"2024-09-04T10:28:02+00:00","description":"\u00a1Todos los residentes deben hacer uso de su derecho al voto!","breadcrumb":{"@id":"https:\/\/www.mallorcaimmobilien.com\/blog\/es\/derecho-de-voto-de-los-residentes\/#breadcrumb"},"inLanguage":"es","potentialAction":[{"@type":"ReadAction","target":["https:\/\/www.mallorcaimmobilien.com\/blog\/es\/derecho-de-voto-de-los-residentes\/"]}]},{"@type":"ImageObject","inLanguage":"es","@id":"https:\/\/www.mallorcaimmobilien.com\/blog\/es\/derecho-de-voto-de-los-residentes\/#primaryimage","url":"https:\/\/www.mallorcaimmobilien.com\/blog\/es\/wp-content\/uploads\/2023\/05\/20230511_header_750.jpg","contentUrl":"https:\/\/www.mallorcaimmobilien.com\/blog\/es\/wp-content\/uploads\/2023\/05\/20230511_header_750.jpg","width":750,"height":460,"caption":"\u00a1Todos los residentes deben hacer uso de su derecho al voto!"},{"@type":"BreadcrumbList","@id":"https:\/\/www.mallorcaimmobilien.com\/blog\/es\/derecho-de-voto-de-los-residentes\/#breadcrumb","itemListElement":[{"@type":"ListItem","position":1,"name":"Startseite","item":"https:\/\/www.mallorcaimmobilien.com\/blog\/es\/"},{"@type":"ListItem","position":2,"name":"Derecho de voto de los residentes"}]},{"@type":"WebSite","@id":"https:\/\/www.mallorcaimmobilien.com\/blog\/es\/#website","url":"https:\/\/www.mallorcaimmobilien.com\/blog\/es\/","name":"Immobilien Mallorca Blog","description":"Casa Nova Properties","publisher":{"@id":"https:\/\/www.mallorcaimmobilien.com\/blog\/es\/#organization"},"potentialAction":[{"@type":"SearchAction","target":{"@type":"EntryPoint","urlTemplate":"https:\/\/www.mallorcaimmobilien.com\/blog\/es\/?s={search_term_string}"},"query-input":{"@type":"PropertyValueSpecification","valueRequired":true,"valueName":"search_term_string"}}],"inLanguage":"es"},{"@type":"Organization","@id":"https:\/\/www.mallorcaimmobilien.com\/blog\/es\/#organization","name":"Casa Nova Properties S. L.","url":"https:\/\/www.mallorcaimmobilien.com\/blog\/es\/","logo":{"@type":"ImageObject","inLanguage":"es","@id":"https:\/\/www.mallorcaimmobilien.com\/blog\/es\/#\/schema\/logo\/image\/","url":"","contentUrl":"","caption":"Casa Nova Properties S. L."},"image":{"@id":"https:\/\/www.mallorcaimmobilien.com\/blog\/es\/#\/schema\/logo\/image\/"},"sameAs":["https:\/\/www.facebook.com\/casanova.immobilien.mallorca","https:\/\/x.com\/Immosantaponsa","https:\/\/www.instagram.com\/casanovaproperties.mallorca\/","http:\/\/www.pinterest.com\/cnpimmobilien\/","https:\/\/www.youtube.com\/channel\/UC9PGIa8TcOBJrQEx3uGuLgw"]},{"@type":"Person","@id":"https:\/\/www.mallorcaimmobilien.com\/blog\/es\/#\/schema\/person\/628abac594cd02ccedd2771f455c2ec7","name":"Reinulf Aniol","image":{"@type":"ImageObject","inLanguage":"es","@id":"https:\/\/secure.gravatar.com\/avatar\/a735cb8444edf4f72b8817e0c3c11060a84cddac53da886379d1899f95d81ac3?s=96&d=mm&r=g","url":"https:\/\/secure.gravatar.com\/avatar\/a735cb8444edf4f72b8817e0c3c11060a84cddac53da886379d1899f95d81ac3?s=96&d=mm&r=g","contentUrl":"https:\/\/secure.gravatar.com\/avatar\/a735cb8444edf4f72b8817e0c3c11060a84cddac53da886379d1899f95d81ac3?s=96&d=mm&r=g","caption":"Reinulf Aniol"},"url":"https:\/\/www.mallorcaimmobilien.com\/blog\/es\/author\/reinulf-aniol\/"}]}},"_links":{"self":[{"href":"https:\/\/www.mallorcaimmobilien.com\/blog\/es\/wp-json\/wp\/v2\/posts\/8053","targetHints":{"allow":["GET"]}}],"collection":[{"href":"https:\/\/www.mallorcaimmobilien.com\/blog\/es\/wp-json\/wp\/v2\/posts"}],"about":[{"href":"https:\/\/www.mallorcaimmobilien.com\/blog\/es\/wp-json\/wp\/v2\/types\/post"}],"author":[{"embeddable":true,"href":"https:\/\/www.mallorcaimmobilien.com\/blog\/es\/wp-json\/wp\/v2\/users\/3"}],"replies":[{"embeddable":true,"href":"https:\/\/www.mallorcaimmobilien.com\/blog\/es\/wp-json\/wp\/v2\/comments?post=8053"}],"version-history":[{"count":2,"href":"https:\/\/www.mallorcaimmobilien.com\/blog\/es\/wp-json\/wp\/v2\/posts\/8053\/revisions"}],"predecessor-version":[{"id":8238,"href":"https:\/\/www.mallorcaimmobilien.com\/blog\/es\/wp-json\/wp\/v2\/posts\/8053\/revisions\/8238"}],"wp:featuredmedia":[{"embeddable":true,"href":"https:\/\/www.mallorcaimmobilien.com\/blog\/es\/wp-json\/wp\/v2\/media\/8054"}],"wp:attachment":[{"href":"https:\/\/www.mallorcaimmobilien.com\/blog\/es\/wp-json\/wp\/v2\/media?parent=8053"}],"wp:term":[{"taxonomy":"category","embeddable":true,"href":"https:\/\/www.mallorcaimmobilien.com\/blog\/es\/wp-json\/wp\/v2\/categories?post=8053"},{"taxonomy":"post_tag","embeddable":true,"href":"https:\/\/www.mallorcaimmobilien.com\/blog\/es\/wp-json\/wp\/v2\/tags?post=8053"}],"curies":[{"name":"wp","href":"https:\/\/api.w.org\/{rel}","templated":true}]}}