{"id":8231,"date":"2024-08-28T17:15:26","date_gmt":"2024-08-28T17:15:26","guid":{"rendered":"https:\/\/www.mallorcaimmobilien.com\/blog\/es\/?p=8231"},"modified":"2024-08-28T17:15:26","modified_gmt":"2024-08-28T17:15:26","slug":"vivir-en-mallorca","status":"publish","type":"post","link":"https:\/\/www.mallorcaimmobilien.com\/blog\/es\/vivir-en-mallorca\/","title":{"rendered":"Vivir en Mallorca"},"content":{"rendered":"<p><img loading=\"lazy\" decoding=\"async\" class=\"alignnone size-full wp-image-8233\" src=\"https:\/\/www.mallorcaimmobilien.com\/blog\/es\/wp-content\/uploads\/2024\/08\/header_750-1.jpg\" alt=\"\u00a1Realice ahora su sue\u00f1o de vivir en Mallorca!\n\" width=\"750\" height=\"563\" srcset=\"https:\/\/www.mallorcaimmobilien.com\/blog\/es\/wp-content\/uploads\/2024\/08\/header_750-1.jpg 750w, https:\/\/www.mallorcaimmobilien.com\/blog\/es\/wp-content\/uploads\/2024\/08\/header_750-1-293x220.jpg 293w, https:\/\/www.mallorcaimmobilien.com\/blog\/es\/wp-content\/uploads\/2024\/08\/header_750-1-554x416.jpg 554w\" sizes=\"auto, (max-width: 750px) 100vw, 750px\" \/><\/p>\n<h2>\u00a1Realice ahora su sue\u00f1o de vivir en Mallorca!<\/h2>\n<p>Mejore su calidad de vida y tome ahora el paso hacia un futuro feliz en nuestra hermosa isla de Mallorca. Con una propiedad que cumpla sus deseos y expectativas.<!--more--> Y con un agente local competente para guiarle en cada paso del camino: el equipo de agentes inmobiliarios de Casa Nova Properties le ayudar\u00e1 con cualquier pregunta importante que pueda surgir. En este bolet\u00edn, presentamos una vez m\u00e1s propiedades seleccionadas que merecen su inter\u00e9s. Porque su satisfacci\u00f3n es nuestro objetivo m\u00e1s importante. Llevamos 14 a\u00f1os trabajando con \u00e9xito para lograr este objetivo.<\/p>\n<p>&nbsp;<\/p>\n<p><img loading=\"lazy\" decoding=\"async\" class=\"alignnone size-full wp-image-8232\" src=\"https:\/\/www.mallorcaimmobilien.com\/blog\/es\/wp-content\/uploads\/2024\/08\/footer_750-1.jpg\" alt=\"\" width=\"750\" height=\"566\" srcset=\"https:\/\/www.mallorcaimmobilien.com\/blog\/es\/wp-content\/uploads\/2024\/08\/footer_750-1.jpg 750w, https:\/\/www.mallorcaimmobilien.com\/blog\/es\/wp-content\/uploads\/2024\/08\/footer_750-1-292x220.jpg 292w, https:\/\/www.mallorcaimmobilien.com\/blog\/es\/wp-content\/uploads\/2024\/08\/footer_750-1-551x416.jpg 551w\" sizes=\"auto, (max-width: 750px) 100vw, 750px\" \/><\/p>\n","protected":false},"excerpt":{"rendered":"<p>\u00a1Realice ahora su sue\u00f1o de vivir en Mallorca! Mejore su calidad de vida y tome ahora el paso hacia un futuro feliz en nuestra hermosa isla de Mallorca. Con una propiedad que cumpla sus deseos y expectativas.<\/p>\n","protected":false},"author":2,"featured_media":8233,"comment_status":"open","ping_status":"open","sticky":false,"template":"","format":"standard","meta":{"footnotes":""},"categories":[1],"tags":[],"class_list":["post-8231","post","type-post","status-publish","format-standard","has-post-thumbnail","hentry","category-sin_asignacion"],"yoast_head":"<!-- This site is optimized with the Yoast SEO plugin v27.5 - https:\/\/yoast.com\/product\/yoast-seo-wordpress\/ -->\n<title>Vivir en Mallorca - Immobilien Mallorca Blog<\/title>\n<meta name=\"description\" content=\"Mejore su calidad de vida y tome ahora el paso hacia un futuro feliz en nuestra hermosa isla de Mallorca.\" \/>\n<meta name=\"robots\" content=\"index, follow, max-snippet:-1, max-image-preview:large, max-video-preview:-1\" \/>\n<link rel=\"canonical\" href=\"https:\/\/www.mallorcaimmobilien.com\/blog\/es\/vivir-en-mallorca\/\" \/>\n<meta property=\"og:locale\" content=\"es_ES\" \/>\n<meta property=\"og:type\" content=\"article\" \/>\n<meta property=\"og:title\" content=\"Vivir en Mallorca - Immobilien Mallorca Blog\" \/>\n<meta property=\"og:description\" content=\"Mejore su calidad de vida y tome ahora el paso hacia un futuro feliz en nuestra hermosa isla de Mallorca.\" \/>\n<meta property=\"og:url\" content=\"https:\/\/www.mallorcaimmobilien.com\/blog\/es\/vivir-en-mallorca\/\" \/>\n<meta property=\"og:site_name\" content=\"Immobilien Mallorca Blog\" \/>\n<meta property=\"article:publisher\" content=\"https:\/\/www.facebook.com\/casanova.immobilien.mallorca\" \/>\n<meta property=\"article:published_time\" content=\"2024-08-28T17:15:26+00:00\" \/>\n<meta property=\"og:image\" content=\"https:\/\/www.mallorcaimmobilien.com\/blog\/es\/wp-content\/uploads\/2024\/08\/header_750-1.jpg\" \/>\n\t<meta property=\"og:image:width\" content=\"750\" \/>\n\t<meta property=\"og:image:height\" content=\"563\" \/>\n\t<meta property=\"og:image:type\" content=\"image\/jpeg\" \/>\n<meta name=\"author\" content=\"Thilo Alt\" \/>\n<meta name=\"twitter:card\" content=\"summary_large_image\" \/>\n<meta name=\"twitter:creator\" content=\"@Immosantaponsa\" \/>\n<meta name=\"twitter:site\" content=\"@Immosantaponsa\" \/>\n<meta name=\"twitter:label1\" content=\"Escrito por\" \/>\n\t<meta name=\"twitter:data1\" content=\"Thilo Alt\" \/>\n\t<meta name=\"twitter:label2\" content=\"Tiempo de lectura\" \/>\n\t<meta name=\"twitter:data2\" content=\"2 minutos\" \/>\n<script type=\"application\/ld+json\" class=\"yoast-schema-graph\">{\"@context\":\"https:\\\/\\\/schema.org\",\"@graph\":[{\"@type\":\"Article\",\"@id\":\"https:\\\/\\\/www.mallorcaimmobilien.com\\\/blog\\\/es\\\/vivir-en-mallorca\\\/#article\",\"isPartOf\":{\"@id\":\"https:\\\/\\\/www.mallorcaimmobilien.com\\\/blog\\\/es\\\/vivir-en-mallorca\\\/\"},\"author\":{\"name\":\"Thilo Alt\",\"@id\":\"https:\\\/\\\/www.mallorcaimmobilien.com\\\/blog\\\/es\\\/#\\\/schema\\\/person\\\/2c54bcf9ef1047071358c9568daf9313\"},\"headline\":\"Vivir en Mallorca\",\"datePublished\":\"2024-08-28T17:15:26+00:00\",\"mainEntityOfPage\":{\"@id\":\"https:\\\/\\\/www.mallorcaimmobilien.com\\\/blog\\\/es\\\/vivir-en-mallorca\\\/\"},\"wordCount\":109,\"commentCount\":0,\"publisher\":{\"@id\":\"https:\\\/\\\/www.mallorcaimmobilien.com\\\/blog\\\/es\\\/#organization\"},\"image\":{\"@id\":\"https:\\\/\\\/www.mallorcaimmobilien.com\\\/blog\\\/es\\\/vivir-en-mallorca\\\/#primaryimage\"},\"thumbnailUrl\":\"https:\\\/\\\/www.mallorcaimmobilien.com\\\/blog\\\/es\\\/wp-content\\\/uploads\\\/2024\\\/08\\\/header_750-1.jpg\",\"articleSection\":[\"sin asignaci\u00f3n\"],\"inLanguage\":\"es\",\"potentialAction\":[{\"@type\":\"CommentAction\",\"name\":\"Comment\",\"target\":[\"https:\\\/\\\/www.mallorcaimmobilien.com\\\/blog\\\/es\\\/vivir-en-mallorca\\\/#respond\"]}]},{\"@type\":\"WebPage\",\"@id\":\"https:\\\/\\\/www.mallorcaimmobilien.com\\\/blog\\\/es\\\/vivir-en-mallorca\\\/\",\"url\":\"https:\\\/\\\/www.mallorcaimmobilien.com\\\/blog\\\/es\\\/vivir-en-mallorca\\\/\",\"name\":\"Vivir en Mallorca - Immobilien Mallorca Blog\",\"isPartOf\":{\"@id\":\"https:\\\/\\\/www.mallorcaimmobilien.com\\\/blog\\\/es\\\/#website\"},\"primaryImageOfPage\":{\"@id\":\"https:\\\/\\\/www.mallorcaimmobilien.com\\\/blog\\\/es\\\/vivir-en-mallorca\\\/#primaryimage\"},\"image\":{\"@id\":\"https:\\\/\\\/www.mallorcaimmobilien.com\\\/blog\\\/es\\\/vivir-en-mallorca\\\/#primaryimage\"},\"thumbnailUrl\":\"https:\\\/\\\/www.mallorcaimmobilien.com\\\/blog\\\/es\\\/wp-content\\\/uploads\\\/2024\\\/08\\\/header_750-1.jpg\",\"datePublished\":\"2024-08-28T17:15:26+00:00\",\"description\":\"Mejore su calidad de vida y tome ahora el paso hacia un futuro feliz en nuestra hermosa isla de Mallorca.\",\"breadcrumb\":{\"@id\":\"https:\\\/\\\/www.mallorcaimmobilien.com\\\/blog\\\/es\\\/vivir-en-mallorca\\\/#breadcrumb\"},\"inLanguage\":\"es\",\"potentialAction\":[{\"@type\":\"ReadAction\",\"target\":[\"https:\\\/\\\/www.mallorcaimmobilien.com\\\/blog\\\/es\\\/vivir-en-mallorca\\\/\"]}]},{\"@type\":\"ImageObject\",\"inLanguage\":\"es\",\"@id\":\"https:\\\/\\\/www.mallorcaimmobilien.com\\\/blog\\\/es\\\/vivir-en-mallorca\\\/#primaryimage\",\"url\":\"https:\\\/\\\/www.mallorcaimmobilien.com\\\/blog\\\/es\\\/wp-content\\\/uploads\\\/2024\\\/08\\\/header_750-1.jpg\",\"contentUrl\":\"https:\\\/\\\/www.mallorcaimmobilien.com\\\/blog\\\/es\\\/wp-content\\\/uploads\\\/2024\\\/08\\\/header_750-1.jpg\",\"width\":750,\"height\":563,\"caption\":\"\u00a1Realice ahora su sue\u00f1o de vivir en Mallorca!\"},{\"@type\":\"BreadcrumbList\",\"@id\":\"https:\\\/\\\/www.mallorcaimmobilien.com\\\/blog\\\/es\\\/vivir-en-mallorca\\\/#breadcrumb\",\"itemListElement\":[{\"@type\":\"ListItem\",\"position\":1,\"name\":\"Startseite\",\"item\":\"https:\\\/\\\/www.mallorcaimmobilien.com\\\/blog\\\/es\\\/\"},{\"@type\":\"ListItem\",\"position\":2,\"name\":\"Vivir en Mallorca\"}]},{\"@type\":\"WebSite\",\"@id\":\"https:\\\/\\\/www.mallorcaimmobilien.com\\\/blog\\\/es\\\/#website\",\"url\":\"https:\\\/\\\/www.mallorcaimmobilien.com\\\/blog\\\/es\\\/\",\"name\":\"Immobilien Mallorca Blog\",\"description\":\"Casa Nova Properties\",\"publisher\":{\"@id\":\"https:\\\/\\\/www.mallorcaimmobilien.com\\\/blog\\\/es\\\/#organization\"},\"potentialAction\":[{\"@type\":\"SearchAction\",\"target\":{\"@type\":\"EntryPoint\",\"urlTemplate\":\"https:\\\/\\\/www.mallorcaimmobilien.com\\\/blog\\\/es\\\/?s={search_term_string}\"},\"query-input\":{\"@type\":\"PropertyValueSpecification\",\"valueRequired\":true,\"valueName\":\"search_term_string\"}}],\"inLanguage\":\"es\"},{\"@type\":\"Organization\",\"@id\":\"https:\\\/\\\/www.mallorcaimmobilien.com\\\/blog\\\/es\\\/#organization\",\"name\":\"Casa Nova Properties S. L.\",\"url\":\"https:\\\/\\\/www.mallorcaimmobilien.com\\\/blog\\\/es\\\/\",\"logo\":{\"@type\":\"ImageObject\",\"inLanguage\":\"es\",\"@id\":\"https:\\\/\\\/www.mallorcaimmobilien.com\\\/blog\\\/es\\\/#\\\/schema\\\/logo\\\/image\\\/\",\"url\":\"\",\"contentUrl\":\"\",\"caption\":\"Casa Nova Properties S. L.\"},\"image\":{\"@id\":\"https:\\\/\\\/www.mallorcaimmobilien.com\\\/blog\\\/es\\\/#\\\/schema\\\/logo\\\/image\\\/\"},\"sameAs\":[\"https:\\\/\\\/www.facebook.com\\\/casanova.immobilien.mallorca\",\"https:\\\/\\\/x.com\\\/Immosantaponsa\",\"https:\\\/\\\/www.instagram.com\\\/casanovaproperties.mallorca\\\/\",\"http:\\\/\\\/www.pinterest.com\\\/cnpimmobilien\\\/\",\"https:\\\/\\\/www.youtube.com\\\/channel\\\/UC9PGIa8TcOBJrQEx3uGuLgw\"]},{\"@type\":\"Person\",\"@id\":\"https:\\\/\\\/www.mallorcaimmobilien.com\\\/blog\\\/es\\\/#\\\/schema\\\/person\\\/2c54bcf9ef1047071358c9568daf9313\",\"name\":\"Thilo Alt\",\"image\":{\"@type\":\"ImageObject\",\"inLanguage\":\"es\",\"@id\":\"https:\\\/\\\/secure.gravatar.com\\\/avatar\\\/982895c38c8bf94426d2459144e22e3bc4431a4ad16e74d9852dd4632fd9dc50?s=96&d=mm&r=g\",\"url\":\"https:\\\/\\\/secure.gravatar.com\\\/avatar\\\/982895c38c8bf94426d2459144e22e3bc4431a4ad16e74d9852dd4632fd9dc50?s=96&d=mm&r=g\",\"contentUrl\":\"https:\\\/\\\/secure.gravatar.com\\\/avatar\\\/982895c38c8bf94426d2459144e22e3bc4431a4ad16e74d9852dd4632fd9dc50?s=96&d=mm&r=g\",\"caption\":\"Thilo Alt\"},\"url\":\"https:\\\/\\\/www.mallorcaimmobilien.com\\\/blog\\\/es\\\/author\\\/thilo\\\/\"}]}<\/script>\n<!-- \/ Yoast SEO plugin. -->","yoast_head_json":{"title":"Vivir en Mallorca - Immobilien Mallorca Blog","description":"Mejore su calidad de vida y tome ahora el paso hacia un futuro feliz en nuestra hermosa isla de Mallorca.","robots":{"index":"index","follow":"follow","max-snippet":"max-snippet:-1","max-image-preview":"max-image-preview:large","max-video-preview":"max-video-preview:-1"},"canonical":"https:\/\/www.mallorcaimmobilien.com\/blog\/es\/vivir-en-mallorca\/","og_locale":"es_ES","og_type":"article","og_title":"Vivir en Mallorca - Immobilien Mallorca Blog","og_description":"Mejore su calidad de vida y tome ahora el paso hacia un futuro feliz en nuestra hermosa isla de Mallorca.","og_url":"https:\/\/www.mallorcaimmobilien.com\/blog\/es\/vivir-en-mallorca\/","og_site_name":"Immobilien Mallorca Blog","article_publisher":"https:\/\/www.facebook.com\/casanova.immobilien.mallorca","article_published_time":"2024-08-28T17:15:26+00:00","og_image":[{"width":750,"height":563,"url":"https:\/\/www.mallorcaimmobilien.com\/blog\/es\/wp-content\/uploads\/2024\/08\/header_750-1.jpg","type":"image\/jpeg"}],"author":"Thilo Alt","twitter_card":"summary_large_image","twitter_creator":"@Immosantaponsa","twitter_site":"@Immosantaponsa","twitter_misc":{"Escrito por":"Thilo Alt","Tiempo de lectura":"2 minutos"},"schema":{"@context":"https:\/\/schema.org","@graph":[{"@type":"Article","@id":"https:\/\/www.mallorcaimmobilien.com\/blog\/es\/vivir-en-mallorca\/#article","isPartOf":{"@id":"https:\/\/www.mallorcaimmobilien.com\/blog\/es\/vivir-en-mallorca\/"},"author":{"name":"Thilo Alt","@id":"https:\/\/www.mallorcaimmobilien.com\/blog\/es\/#\/schema\/person\/2c54bcf9ef1047071358c9568daf9313"},"headline":"Vivir en Mallorca","datePublished":"2024-08-28T17:15:26+00:00","mainEntityOfPage":{"@id":"https:\/\/www.mallorcaimmobilien.com\/blog\/es\/vivir-en-mallorca\/"},"wordCount":109,"commentCount":0,"publisher":{"@id":"https:\/\/www.mallorcaimmobilien.com\/blog\/es\/#organization"},"image":{"@id":"https:\/\/www.mallorcaimmobilien.com\/blog\/es\/vivir-en-mallorca\/#primaryimage"},"thumbnailUrl":"https:\/\/www.mallorcaimmobilien.com\/blog\/es\/wp-content\/uploads\/2024\/08\/header_750-1.jpg","articleSection":["sin asignaci\u00f3n"],"inLanguage":"es","potentialAction":[{"@type":"CommentAction","name":"Comment","target":["https:\/\/www.mallorcaimmobilien.com\/blog\/es\/vivir-en-mallorca\/#respond"]}]},{"@type":"WebPage","@id":"https:\/\/www.mallorcaimmobilien.com\/blog\/es\/vivir-en-mallorca\/","url":"https:\/\/www.mallorcaimmobilien.com\/blog\/es\/vivir-en-mallorca\/","name":"Vivir en Mallorca - Immobilien Mallorca Blog","isPartOf":{"@id":"https:\/\/www.mallorcaimmobilien.com\/blog\/es\/#website"},"primaryImageOfPage":{"@id":"https:\/\/www.mallorcaimmobilien.com\/blog\/es\/vivir-en-mallorca\/#primaryimage"},"image":{"@id":"https:\/\/www.mallorcaimmobilien.com\/blog\/es\/vivir-en-mallorca\/#primaryimage"},"thumbnailUrl":"https:\/\/www.mallorcaimmobilien.com\/blog\/es\/wp-content\/uploads\/2024\/08\/header_750-1.jpg","datePublished":"2024-08-28T17:15:26+00:00","description":"Mejore su calidad de vida y tome ahora el paso hacia un futuro feliz en nuestra hermosa isla de Mallorca.","breadcrumb":{"@id":"https:\/\/www.mallorcaimmobilien.com\/blog\/es\/vivir-en-mallorca\/#breadcrumb"},"inLanguage":"es","potentialAction":[{"@type":"ReadAction","target":["https:\/\/www.mallorcaimmobilien.com\/blog\/es\/vivir-en-mallorca\/"]}]},{"@type":"ImageObject","inLanguage":"es","@id":"https:\/\/www.mallorcaimmobilien.com\/blog\/es\/vivir-en-mallorca\/#primaryimage","url":"https:\/\/www.mallorcaimmobilien.com\/blog\/es\/wp-content\/uploads\/2024\/08\/header_750-1.jpg","contentUrl":"https:\/\/www.mallorcaimmobilien.com\/blog\/es\/wp-content\/uploads\/2024\/08\/header_750-1.jpg","width":750,"height":563,"caption":"\u00a1Realice ahora su sue\u00f1o de vivir en Mallorca!"},{"@type":"BreadcrumbList","@id":"https:\/\/www.mallorcaimmobilien.com\/blog\/es\/vivir-en-mallorca\/#breadcrumb","itemListElement":[{"@type":"ListItem","position":1,"name":"Startseite","item":"https:\/\/www.mallorcaimmobilien.com\/blog\/es\/"},{"@type":"ListItem","position":2,"name":"Vivir en Mallorca"}]},{"@type":"WebSite","@id":"https:\/\/www.mallorcaimmobilien.com\/blog\/es\/#website","url":"https:\/\/www.mallorcaimmobilien.com\/blog\/es\/","name":"Immobilien Mallorca Blog","description":"Casa Nova Properties","publisher":{"@id":"https:\/\/www.mallorcaimmobilien.com\/blog\/es\/#organization"},"potentialAction":[{"@type":"SearchAction","target":{"@type":"EntryPoint","urlTemplate":"https:\/\/www.mallorcaimmobilien.com\/blog\/es\/?s={search_term_string}"},"query-input":{"@type":"PropertyValueSpecification","valueRequired":true,"valueName":"search_term_string"}}],"inLanguage":"es"},{"@type":"Organization","@id":"https:\/\/www.mallorcaimmobilien.com\/blog\/es\/#organization","name":"Casa Nova Properties S. L.","url":"https:\/\/www.mallorcaimmobilien.com\/blog\/es\/","logo":{"@type":"ImageObject","inLanguage":"es","@id":"https:\/\/www.mallorcaimmobilien.com\/blog\/es\/#\/schema\/logo\/image\/","url":"","contentUrl":"","caption":"Casa Nova Properties S. L."},"image":{"@id":"https:\/\/www.mallorcaimmobilien.com\/blog\/es\/#\/schema\/logo\/image\/"},"sameAs":["https:\/\/www.facebook.com\/casanova.immobilien.mallorca","https:\/\/x.com\/Immosantaponsa","https:\/\/www.instagram.com\/casanovaproperties.mallorca\/","http:\/\/www.pinterest.com\/cnpimmobilien\/","https:\/\/www.youtube.com\/channel\/UC9PGIa8TcOBJrQEx3uGuLgw"]},{"@type":"Person","@id":"https:\/\/www.mallorcaimmobilien.com\/blog\/es\/#\/schema\/person\/2c54bcf9ef1047071358c9568daf9313","name":"Thilo Alt","image":{"@type":"ImageObject","inLanguage":"es","@id":"https:\/\/secure.gravatar.com\/avatar\/982895c38c8bf94426d2459144e22e3bc4431a4ad16e74d9852dd4632fd9dc50?s=96&d=mm&r=g","url":"https:\/\/secure.gravatar.com\/avatar\/982895c38c8bf94426d2459144e22e3bc4431a4ad16e74d9852dd4632fd9dc50?s=96&d=mm&r=g","contentUrl":"https:\/\/secure.gravatar.com\/avatar\/982895c38c8bf94426d2459144e22e3bc4431a4ad16e74d9852dd4632fd9dc50?s=96&d=mm&r=g","caption":"Thilo Alt"},"url":"https:\/\/www.mallorcaimmobilien.com\/blog\/es\/author\/thilo\/"}]}},"_links":{"self":[{"href":"https:\/\/www.mallorcaimmobilien.com\/blog\/es\/wp-json\/wp\/v2\/posts\/8231","targetHints":{"allow":["GET"]}}],"collection":[{"href":"https:\/\/www.mallorcaimmobilien.com\/blog\/es\/wp-json\/wp\/v2\/posts"}],"about":[{"href":"https:\/\/www.mallorcaimmobilien.com\/blog\/es\/wp-json\/wp\/v2\/types\/post"}],"author":[{"embeddable":true,"href":"https:\/\/www.mallorcaimmobilien.com\/blog\/es\/wp-json\/wp\/v2\/users\/2"}],"replies":[{"embeddable":true,"href":"https:\/\/www.mallorcaimmobilien.com\/blog\/es\/wp-json\/wp\/v2\/comments?post=8231"}],"version-history":[{"count":1,"href":"https:\/\/www.mallorcaimmobilien.com\/blog\/es\/wp-json\/wp\/v2\/posts\/8231\/revisions"}],"predecessor-version":[{"id":8234,"href":"https:\/\/www.mallorcaimmobilien.com\/blog\/es\/wp-json\/wp\/v2\/posts\/8231\/revisions\/8234"}],"wp:featuredmedia":[{"embeddable":true,"href":"https:\/\/www.mallorcaimmobilien.com\/blog\/es\/wp-json\/wp\/v2\/media\/8233"}],"wp:attachment":[{"href":"https:\/\/www.mallorcaimmobilien.com\/blog\/es\/wp-json\/wp\/v2\/media?parent=8231"}],"wp:term":[{"taxonomy":"category","embeddable":true,"href":"https:\/\/www.mallorcaimmobilien.com\/blog\/es\/wp-json\/wp\/v2\/categories?post=8231"},{"taxonomy":"post_tag","embeddable":true,"href":"https:\/\/www.mallorcaimmobilien.com\/blog\/es\/wp-json\/wp\/v2\/tags?post=8231"}],"curies":[{"name":"wp","href":"https:\/\/api.w.org\/{rel}","templated":true}]}}