{"id":8252,"date":"2024-09-19T13:38:20","date_gmt":"2024-09-19T13:38:20","guid":{"rendered":"https:\/\/www.mallorcaimmobilien.com\/blog\/es\/?p=8252"},"modified":"2024-09-19T13:38:20","modified_gmt":"2024-09-19T13:38:20","slug":"contacto-competente","status":"publish","type":"post","link":"https:\/\/www.mallorcaimmobilien.com\/blog\/es\/contacto-competente\/","title":{"rendered":"Contacto competente"},"content":{"rendered":"<p><img loading=\"lazy\" decoding=\"async\" class=\"alignnone size-full wp-image-8254\" src=\"https:\/\/www.mallorcaimmobilien.com\/blog\/es\/wp-content\/uploads\/2024\/09\/header_750.jpg\" alt=\"El equipo de Casa Nova Properties es su contacto competente\" width=\"750\" height=\"409\" srcset=\"https:\/\/www.mallorcaimmobilien.com\/blog\/es\/wp-content\/uploads\/2024\/09\/header_750.jpg 750w, https:\/\/www.mallorcaimmobilien.com\/blog\/es\/wp-content\/uploads\/2024\/09\/header_750-330x180.jpg 330w\" sizes=\"auto, (max-width: 750px) 100vw, 750px\" \/><\/p>\n<h2>El equipo de Casa Nova Properties es su contacto competente<\/h2>\n<p>Somos su especialista inmobiliario regional centrado en la parte m\u00e1s bella de la isla de Mallorca: el suroeste con los municipios de Calvi\u00e0 y Andratx. <!--more-->Por supuesto, conocemos muy bien este \u00e1mbito y, como interesado, podemos asesorarle personalmente sobre la ubicaci\u00f3n y la infraestructura.<\/p>\n<p>Para que sus deseos e ideas individuales puedan tenerse en cuenta a la hora de seleccionar la futura propiedad de sus sue\u00f1os. Porque debes quedar completamente satisfecho con tu decisi\u00f3n y sentirte c\u00f3modo en tu nuevo hogar. \u00a1Solo as\u00ed estaremos satisfechos como agentes inmobiliarios!<\/p>\n<p>Simplemente utilice la nueva opci\u00f3n para contactar con nosotros a trav\u00e9s del bot\u00f3n \u201cWhatsapp\u201d de nuestra web <a href=\"https:\/\/www.mallorcaimmobilien.com\/es\">www.mallorcaimmobilien.com<\/a>. \u00a1Esperamos verte!<\/p>\n<p><img loading=\"lazy\" decoding=\"async\" class=\"alignnone size-full wp-image-8253\" src=\"https:\/\/www.mallorcaimmobilien.com\/blog\/es\/wp-content\/uploads\/2024\/09\/footer_750.jpg\" alt=\"\" width=\"750\" height=\"422\" srcset=\"https:\/\/www.mallorcaimmobilien.com\/blog\/es\/wp-content\/uploads\/2024\/09\/footer_750.jpg 750w, https:\/\/www.mallorcaimmobilien.com\/blog\/es\/wp-content\/uploads\/2024\/09\/footer_750-330x186.jpg 330w, https:\/\/www.mallorcaimmobilien.com\/blog\/es\/wp-content\/uploads\/2024\/09\/footer_750-739x416.jpg 739w\" sizes=\"auto, (max-width: 750px) 100vw, 750px\" \/><\/p>\n<p>Nuestra recomendaci\u00f3n de restaurante de probada eficacia es el restaurante italiano \u201cIl Carpaccio\u201d, tambi\u00e9n en la Avda. Rey Jaime I, 96 situado frente a nuestra oficina.<\/p>\n<p>El jefe Salvatore y su equipo ofrecen ahora a nuestros clientes servicios exclusivos previa presentaci\u00f3n de una tarjeta de visita de nuestra oficina 10% de descuento en comidas y bebidas! \u00a1Aprovecha esta ventaja y consigue una tarjeta de visita!<br \/>\n\u00a1Buen provecho!<\/p>\n","protected":false},"excerpt":{"rendered":"<p>El equipo de Casa Nova Properties es su contacto competente Somos su especialista inmobiliario regional centrado en la parte m\u00e1s bella de la isla de Mallorca: el suroeste con los municipios de Calvi\u00e0 y Andratx.<\/p>\n","protected":false},"author":2,"featured_media":8254,"comment_status":"open","ping_status":"open","sticky":false,"template":"","format":"standard","meta":{"footnotes":""},"categories":[1],"tags":[],"class_list":["post-8252","post","type-post","status-publish","format-standard","has-post-thumbnail","hentry","category-sin_asignacion"],"yoast_head":"<!-- This site is optimized with the Yoast SEO plugin v27.5 - https:\/\/yoast.com\/product\/yoast-seo-wordpress\/ -->\n<title>Contacto competente - Immobilien Mallorca Blog<\/title>\n<meta name=\"description\" content=\"Para que sus deseos e ideas individuales puedan tenerse en cuenta a la hora de seleccionar la futura propiedad de sus sue\u00f1os.\" \/>\n<meta name=\"robots\" content=\"index, follow, max-snippet:-1, max-image-preview:large, max-video-preview:-1\" \/>\n<link rel=\"canonical\" href=\"https:\/\/www.mallorcaimmobilien.com\/blog\/es\/contacto-competente\/\" \/>\n<meta property=\"og:locale\" content=\"es_ES\" \/>\n<meta property=\"og:type\" content=\"article\" \/>\n<meta property=\"og:title\" content=\"Contacto competente - Immobilien Mallorca Blog\" \/>\n<meta property=\"og:description\" content=\"Para que sus deseos e ideas individuales puedan tenerse en cuenta a la hora de seleccionar la futura propiedad de sus sue\u00f1os.\" \/>\n<meta property=\"og:url\" content=\"https:\/\/www.mallorcaimmobilien.com\/blog\/es\/contacto-competente\/\" \/>\n<meta property=\"og:site_name\" content=\"Immobilien Mallorca Blog\" \/>\n<meta property=\"article:publisher\" content=\"https:\/\/www.facebook.com\/casanova.immobilien.mallorca\" \/>\n<meta property=\"article:published_time\" content=\"2024-09-19T13:38:20+00:00\" \/>\n<meta property=\"og:image\" content=\"https:\/\/www.mallorcaimmobilien.com\/blog\/es\/wp-content\/uploads\/2024\/09\/header_750.jpg\" \/>\n\t<meta property=\"og:image:width\" content=\"750\" \/>\n\t<meta property=\"og:image:height\" content=\"409\" \/>\n\t<meta property=\"og:image:type\" content=\"image\/jpeg\" \/>\n<meta name=\"author\" content=\"Thilo Alt\" \/>\n<meta name=\"twitter:card\" content=\"summary_large_image\" \/>\n<meta name=\"twitter:creator\" content=\"@Immosantaponsa\" \/>\n<meta name=\"twitter:site\" content=\"@Immosantaponsa\" \/>\n<meta name=\"twitter:label1\" content=\"Escrito por\" \/>\n\t<meta name=\"twitter:data1\" content=\"Thilo Alt\" \/>\n\t<meta name=\"twitter:label2\" content=\"Tiempo de lectura\" \/>\n\t<meta name=\"twitter:data2\" content=\"2 minutos\" \/>\n<script type=\"application\/ld+json\" class=\"yoast-schema-graph\">{\"@context\":\"https:\\\/\\\/schema.org\",\"@graph\":[{\"@type\":\"Article\",\"@id\":\"https:\\\/\\\/www.mallorcaimmobilien.com\\\/blog\\\/es\\\/contacto-competente\\\/#article\",\"isPartOf\":{\"@id\":\"https:\\\/\\\/www.mallorcaimmobilien.com\\\/blog\\\/es\\\/contacto-competente\\\/\"},\"author\":{\"name\":\"Thilo Alt\",\"@id\":\"https:\\\/\\\/www.mallorcaimmobilien.com\\\/blog\\\/es\\\/#\\\/schema\\\/person\\\/2c54bcf9ef1047071358c9568daf9313\"},\"headline\":\"Contacto competente\",\"datePublished\":\"2024-09-19T13:38:20+00:00\",\"mainEntityOfPage\":{\"@id\":\"https:\\\/\\\/www.mallorcaimmobilien.com\\\/blog\\\/es\\\/contacto-competente\\\/\"},\"wordCount\":198,\"commentCount\":0,\"publisher\":{\"@id\":\"https:\\\/\\\/www.mallorcaimmobilien.com\\\/blog\\\/es\\\/#organization\"},\"image\":{\"@id\":\"https:\\\/\\\/www.mallorcaimmobilien.com\\\/blog\\\/es\\\/contacto-competente\\\/#primaryimage\"},\"thumbnailUrl\":\"https:\\\/\\\/www.mallorcaimmobilien.com\\\/blog\\\/es\\\/wp-content\\\/uploads\\\/2024\\\/09\\\/header_750.jpg\",\"articleSection\":[\"sin asignaci\u00f3n\"],\"inLanguage\":\"es\",\"potentialAction\":[{\"@type\":\"CommentAction\",\"name\":\"Comment\",\"target\":[\"https:\\\/\\\/www.mallorcaimmobilien.com\\\/blog\\\/es\\\/contacto-competente\\\/#respond\"]}]},{\"@type\":\"WebPage\",\"@id\":\"https:\\\/\\\/www.mallorcaimmobilien.com\\\/blog\\\/es\\\/contacto-competente\\\/\",\"url\":\"https:\\\/\\\/www.mallorcaimmobilien.com\\\/blog\\\/es\\\/contacto-competente\\\/\",\"name\":\"Contacto competente - Immobilien Mallorca Blog\",\"isPartOf\":{\"@id\":\"https:\\\/\\\/www.mallorcaimmobilien.com\\\/blog\\\/es\\\/#website\"},\"primaryImageOfPage\":{\"@id\":\"https:\\\/\\\/www.mallorcaimmobilien.com\\\/blog\\\/es\\\/contacto-competente\\\/#primaryimage\"},\"image\":{\"@id\":\"https:\\\/\\\/www.mallorcaimmobilien.com\\\/blog\\\/es\\\/contacto-competente\\\/#primaryimage\"},\"thumbnailUrl\":\"https:\\\/\\\/www.mallorcaimmobilien.com\\\/blog\\\/es\\\/wp-content\\\/uploads\\\/2024\\\/09\\\/header_750.jpg\",\"datePublished\":\"2024-09-19T13:38:20+00:00\",\"description\":\"Para que sus deseos e ideas individuales puedan tenerse en cuenta a la hora de seleccionar la futura propiedad de sus sue\u00f1os.\",\"breadcrumb\":{\"@id\":\"https:\\\/\\\/www.mallorcaimmobilien.com\\\/blog\\\/es\\\/contacto-competente\\\/#breadcrumb\"},\"inLanguage\":\"es\",\"potentialAction\":[{\"@type\":\"ReadAction\",\"target\":[\"https:\\\/\\\/www.mallorcaimmobilien.com\\\/blog\\\/es\\\/contacto-competente\\\/\"]}]},{\"@type\":\"ImageObject\",\"inLanguage\":\"es\",\"@id\":\"https:\\\/\\\/www.mallorcaimmobilien.com\\\/blog\\\/es\\\/contacto-competente\\\/#primaryimage\",\"url\":\"https:\\\/\\\/www.mallorcaimmobilien.com\\\/blog\\\/es\\\/wp-content\\\/uploads\\\/2024\\\/09\\\/header_750.jpg\",\"contentUrl\":\"https:\\\/\\\/www.mallorcaimmobilien.com\\\/blog\\\/es\\\/wp-content\\\/uploads\\\/2024\\\/09\\\/header_750.jpg\",\"width\":750,\"height\":409,\"caption\":\"El equipo de Casa Nova Properties es su contacto competente\"},{\"@type\":\"BreadcrumbList\",\"@id\":\"https:\\\/\\\/www.mallorcaimmobilien.com\\\/blog\\\/es\\\/contacto-competente\\\/#breadcrumb\",\"itemListElement\":[{\"@type\":\"ListItem\",\"position\":1,\"name\":\"Startseite\",\"item\":\"https:\\\/\\\/www.mallorcaimmobilien.com\\\/blog\\\/es\\\/\"},{\"@type\":\"ListItem\",\"position\":2,\"name\":\"Contacto competente\"}]},{\"@type\":\"WebSite\",\"@id\":\"https:\\\/\\\/www.mallorcaimmobilien.com\\\/blog\\\/es\\\/#website\",\"url\":\"https:\\\/\\\/www.mallorcaimmobilien.com\\\/blog\\\/es\\\/\",\"name\":\"Immobilien Mallorca Blog\",\"description\":\"Casa Nova Properties\",\"publisher\":{\"@id\":\"https:\\\/\\\/www.mallorcaimmobilien.com\\\/blog\\\/es\\\/#organization\"},\"potentialAction\":[{\"@type\":\"SearchAction\",\"target\":{\"@type\":\"EntryPoint\",\"urlTemplate\":\"https:\\\/\\\/www.mallorcaimmobilien.com\\\/blog\\\/es\\\/?s={search_term_string}\"},\"query-input\":{\"@type\":\"PropertyValueSpecification\",\"valueRequired\":true,\"valueName\":\"search_term_string\"}}],\"inLanguage\":\"es\"},{\"@type\":\"Organization\",\"@id\":\"https:\\\/\\\/www.mallorcaimmobilien.com\\\/blog\\\/es\\\/#organization\",\"name\":\"Casa Nova Properties S. L.\",\"url\":\"https:\\\/\\\/www.mallorcaimmobilien.com\\\/blog\\\/es\\\/\",\"logo\":{\"@type\":\"ImageObject\",\"inLanguage\":\"es\",\"@id\":\"https:\\\/\\\/www.mallorcaimmobilien.com\\\/blog\\\/es\\\/#\\\/schema\\\/logo\\\/image\\\/\",\"url\":\"\",\"contentUrl\":\"\",\"caption\":\"Casa Nova Properties S. L.\"},\"image\":{\"@id\":\"https:\\\/\\\/www.mallorcaimmobilien.com\\\/blog\\\/es\\\/#\\\/schema\\\/logo\\\/image\\\/\"},\"sameAs\":[\"https:\\\/\\\/www.facebook.com\\\/casanova.immobilien.mallorca\",\"https:\\\/\\\/x.com\\\/Immosantaponsa\",\"https:\\\/\\\/www.instagram.com\\\/casanovaproperties.mallorca\\\/\",\"http:\\\/\\\/www.pinterest.com\\\/cnpimmobilien\\\/\",\"https:\\\/\\\/www.youtube.com\\\/channel\\\/UC9PGIa8TcOBJrQEx3uGuLgw\"]},{\"@type\":\"Person\",\"@id\":\"https:\\\/\\\/www.mallorcaimmobilien.com\\\/blog\\\/es\\\/#\\\/schema\\\/person\\\/2c54bcf9ef1047071358c9568daf9313\",\"name\":\"Thilo Alt\",\"image\":{\"@type\":\"ImageObject\",\"inLanguage\":\"es\",\"@id\":\"https:\\\/\\\/secure.gravatar.com\\\/avatar\\\/982895c38c8bf94426d2459144e22e3bc4431a4ad16e74d9852dd4632fd9dc50?s=96&d=mm&r=g\",\"url\":\"https:\\\/\\\/secure.gravatar.com\\\/avatar\\\/982895c38c8bf94426d2459144e22e3bc4431a4ad16e74d9852dd4632fd9dc50?s=96&d=mm&r=g\",\"contentUrl\":\"https:\\\/\\\/secure.gravatar.com\\\/avatar\\\/982895c38c8bf94426d2459144e22e3bc4431a4ad16e74d9852dd4632fd9dc50?s=96&d=mm&r=g\",\"caption\":\"Thilo Alt\"},\"url\":\"https:\\\/\\\/www.mallorcaimmobilien.com\\\/blog\\\/es\\\/author\\\/thilo\\\/\"}]}<\/script>\n<!-- \/ Yoast SEO plugin. -->","yoast_head_json":{"title":"Contacto competente - Immobilien Mallorca Blog","description":"Para que sus deseos e ideas individuales puedan tenerse en cuenta a la hora de seleccionar la futura propiedad de sus sue\u00f1os.","robots":{"index":"index","follow":"follow","max-snippet":"max-snippet:-1","max-image-preview":"max-image-preview:large","max-video-preview":"max-video-preview:-1"},"canonical":"https:\/\/www.mallorcaimmobilien.com\/blog\/es\/contacto-competente\/","og_locale":"es_ES","og_type":"article","og_title":"Contacto competente - Immobilien Mallorca Blog","og_description":"Para que sus deseos e ideas individuales puedan tenerse en cuenta a la hora de seleccionar la futura propiedad de sus sue\u00f1os.","og_url":"https:\/\/www.mallorcaimmobilien.com\/blog\/es\/contacto-competente\/","og_site_name":"Immobilien Mallorca Blog","article_publisher":"https:\/\/www.facebook.com\/casanova.immobilien.mallorca","article_published_time":"2024-09-19T13:38:20+00:00","og_image":[{"width":750,"height":409,"url":"https:\/\/www.mallorcaimmobilien.com\/blog\/es\/wp-content\/uploads\/2024\/09\/header_750.jpg","type":"image\/jpeg"}],"author":"Thilo Alt","twitter_card":"summary_large_image","twitter_creator":"@Immosantaponsa","twitter_site":"@Immosantaponsa","twitter_misc":{"Escrito por":"Thilo Alt","Tiempo de lectura":"2 minutos"},"schema":{"@context":"https:\/\/schema.org","@graph":[{"@type":"Article","@id":"https:\/\/www.mallorcaimmobilien.com\/blog\/es\/contacto-competente\/#article","isPartOf":{"@id":"https:\/\/www.mallorcaimmobilien.com\/blog\/es\/contacto-competente\/"},"author":{"name":"Thilo Alt","@id":"https:\/\/www.mallorcaimmobilien.com\/blog\/es\/#\/schema\/person\/2c54bcf9ef1047071358c9568daf9313"},"headline":"Contacto competente","datePublished":"2024-09-19T13:38:20+00:00","mainEntityOfPage":{"@id":"https:\/\/www.mallorcaimmobilien.com\/blog\/es\/contacto-competente\/"},"wordCount":198,"commentCount":0,"publisher":{"@id":"https:\/\/www.mallorcaimmobilien.com\/blog\/es\/#organization"},"image":{"@id":"https:\/\/www.mallorcaimmobilien.com\/blog\/es\/contacto-competente\/#primaryimage"},"thumbnailUrl":"https:\/\/www.mallorcaimmobilien.com\/blog\/es\/wp-content\/uploads\/2024\/09\/header_750.jpg","articleSection":["sin asignaci\u00f3n"],"inLanguage":"es","potentialAction":[{"@type":"CommentAction","name":"Comment","target":["https:\/\/www.mallorcaimmobilien.com\/blog\/es\/contacto-competente\/#respond"]}]},{"@type":"WebPage","@id":"https:\/\/www.mallorcaimmobilien.com\/blog\/es\/contacto-competente\/","url":"https:\/\/www.mallorcaimmobilien.com\/blog\/es\/contacto-competente\/","name":"Contacto competente - Immobilien Mallorca Blog","isPartOf":{"@id":"https:\/\/www.mallorcaimmobilien.com\/blog\/es\/#website"},"primaryImageOfPage":{"@id":"https:\/\/www.mallorcaimmobilien.com\/blog\/es\/contacto-competente\/#primaryimage"},"image":{"@id":"https:\/\/www.mallorcaimmobilien.com\/blog\/es\/contacto-competente\/#primaryimage"},"thumbnailUrl":"https:\/\/www.mallorcaimmobilien.com\/blog\/es\/wp-content\/uploads\/2024\/09\/header_750.jpg","datePublished":"2024-09-19T13:38:20+00:00","description":"Para que sus deseos e ideas individuales puedan tenerse en cuenta a la hora de seleccionar la futura propiedad de sus sue\u00f1os.","breadcrumb":{"@id":"https:\/\/www.mallorcaimmobilien.com\/blog\/es\/contacto-competente\/#breadcrumb"},"inLanguage":"es","potentialAction":[{"@type":"ReadAction","target":["https:\/\/www.mallorcaimmobilien.com\/blog\/es\/contacto-competente\/"]}]},{"@type":"ImageObject","inLanguage":"es","@id":"https:\/\/www.mallorcaimmobilien.com\/blog\/es\/contacto-competente\/#primaryimage","url":"https:\/\/www.mallorcaimmobilien.com\/blog\/es\/wp-content\/uploads\/2024\/09\/header_750.jpg","contentUrl":"https:\/\/www.mallorcaimmobilien.com\/blog\/es\/wp-content\/uploads\/2024\/09\/header_750.jpg","width":750,"height":409,"caption":"El equipo de Casa Nova Properties es su contacto competente"},{"@type":"BreadcrumbList","@id":"https:\/\/www.mallorcaimmobilien.com\/blog\/es\/contacto-competente\/#breadcrumb","itemListElement":[{"@type":"ListItem","position":1,"name":"Startseite","item":"https:\/\/www.mallorcaimmobilien.com\/blog\/es\/"},{"@type":"ListItem","position":2,"name":"Contacto competente"}]},{"@type":"WebSite","@id":"https:\/\/www.mallorcaimmobilien.com\/blog\/es\/#website","url":"https:\/\/www.mallorcaimmobilien.com\/blog\/es\/","name":"Immobilien Mallorca Blog","description":"Casa Nova Properties","publisher":{"@id":"https:\/\/www.mallorcaimmobilien.com\/blog\/es\/#organization"},"potentialAction":[{"@type":"SearchAction","target":{"@type":"EntryPoint","urlTemplate":"https:\/\/www.mallorcaimmobilien.com\/blog\/es\/?s={search_term_string}"},"query-input":{"@type":"PropertyValueSpecification","valueRequired":true,"valueName":"search_term_string"}}],"inLanguage":"es"},{"@type":"Organization","@id":"https:\/\/www.mallorcaimmobilien.com\/blog\/es\/#organization","name":"Casa Nova Properties S. L.","url":"https:\/\/www.mallorcaimmobilien.com\/blog\/es\/","logo":{"@type":"ImageObject","inLanguage":"es","@id":"https:\/\/www.mallorcaimmobilien.com\/blog\/es\/#\/schema\/logo\/image\/","url":"","contentUrl":"","caption":"Casa Nova Properties S. L."},"image":{"@id":"https:\/\/www.mallorcaimmobilien.com\/blog\/es\/#\/schema\/logo\/image\/"},"sameAs":["https:\/\/www.facebook.com\/casanova.immobilien.mallorca","https:\/\/x.com\/Immosantaponsa","https:\/\/www.instagram.com\/casanovaproperties.mallorca\/","http:\/\/www.pinterest.com\/cnpimmobilien\/","https:\/\/www.youtube.com\/channel\/UC9PGIa8TcOBJrQEx3uGuLgw"]},{"@type":"Person","@id":"https:\/\/www.mallorcaimmobilien.com\/blog\/es\/#\/schema\/person\/2c54bcf9ef1047071358c9568daf9313","name":"Thilo Alt","image":{"@type":"ImageObject","inLanguage":"es","@id":"https:\/\/secure.gravatar.com\/avatar\/982895c38c8bf94426d2459144e22e3bc4431a4ad16e74d9852dd4632fd9dc50?s=96&d=mm&r=g","url":"https:\/\/secure.gravatar.com\/avatar\/982895c38c8bf94426d2459144e22e3bc4431a4ad16e74d9852dd4632fd9dc50?s=96&d=mm&r=g","contentUrl":"https:\/\/secure.gravatar.com\/avatar\/982895c38c8bf94426d2459144e22e3bc4431a4ad16e74d9852dd4632fd9dc50?s=96&d=mm&r=g","caption":"Thilo Alt"},"url":"https:\/\/www.mallorcaimmobilien.com\/blog\/es\/author\/thilo\/"}]}},"_links":{"self":[{"href":"https:\/\/www.mallorcaimmobilien.com\/blog\/es\/wp-json\/wp\/v2\/posts\/8252","targetHints":{"allow":["GET"]}}],"collection":[{"href":"https:\/\/www.mallorcaimmobilien.com\/blog\/es\/wp-json\/wp\/v2\/posts"}],"about":[{"href":"https:\/\/www.mallorcaimmobilien.com\/blog\/es\/wp-json\/wp\/v2\/types\/post"}],"author":[{"embeddable":true,"href":"https:\/\/www.mallorcaimmobilien.com\/blog\/es\/wp-json\/wp\/v2\/users\/2"}],"replies":[{"embeddable":true,"href":"https:\/\/www.mallorcaimmobilien.com\/blog\/es\/wp-json\/wp\/v2\/comments?post=8252"}],"version-history":[{"count":1,"href":"https:\/\/www.mallorcaimmobilien.com\/blog\/es\/wp-json\/wp\/v2\/posts\/8252\/revisions"}],"predecessor-version":[{"id":8255,"href":"https:\/\/www.mallorcaimmobilien.com\/blog\/es\/wp-json\/wp\/v2\/posts\/8252\/revisions\/8255"}],"wp:featuredmedia":[{"embeddable":true,"href":"https:\/\/www.mallorcaimmobilien.com\/blog\/es\/wp-json\/wp\/v2\/media\/8254"}],"wp:attachment":[{"href":"https:\/\/www.mallorcaimmobilien.com\/blog\/es\/wp-json\/wp\/v2\/media?parent=8252"}],"wp:term":[{"taxonomy":"category","embeddable":true,"href":"https:\/\/www.mallorcaimmobilien.com\/blog\/es\/wp-json\/wp\/v2\/categories?post=8252"},{"taxonomy":"post_tag","embeddable":true,"href":"https:\/\/www.mallorcaimmobilien.com\/blog\/es\/wp-json\/wp\/v2\/tags?post=8252"}],"curies":[{"name":"wp","href":"https:\/\/api.w.org\/{rel}","templated":true}]}}