{"id":8334,"date":"2025-03-27T16:29:07","date_gmt":"2025-03-27T16:29:07","guid":{"rendered":"https:\/\/www.mallorcaimmobilien.com\/blog\/es\/?p=8334"},"modified":"2025-03-27T16:29:07","modified_gmt":"2025-03-27T16:29:07","slug":"inicio-de-la-temporada-en-mallorca","status":"publish","type":"post","link":"https:\/\/www.mallorcaimmobilien.com\/blog\/es\/inicio-de-la-temporada-en-mallorca\/","title":{"rendered":"Inicio de la temporada en Mallorca"},"content":{"rendered":"<p><img loading=\"lazy\" decoding=\"async\" class=\"alignnone size-full wp-image-8335\" src=\"https:\/\/www.mallorcaimmobilien.com\/blog\/es\/wp-content\/uploads\/2025\/03\/header_750-1.jpg\" alt=\"Inicio de la temporada en Mallorca\" width=\"750\" height=\"563\" srcset=\"https:\/\/www.mallorcaimmobilien.com\/blog\/es\/wp-content\/uploads\/2025\/03\/header_750-1.jpg 750w, https:\/\/www.mallorcaimmobilien.com\/blog\/es\/wp-content\/uploads\/2025\/03\/header_750-1-293x220.jpg 293w, https:\/\/www.mallorcaimmobilien.com\/blog\/es\/wp-content\/uploads\/2025\/03\/header_750-1-554x416.jpg 554w\" sizes=\"auto, (max-width: 750px) 100vw, 750px\" \/><\/p>\n<h2>La temporada est\u00e1 a punto de comenzar: \u00a1le espera la propiedad de sus sue\u00f1os!<\/h2>\n<p>Queridos entusiastas inmobiliarios,<\/p>\n<p>el sol brilla, las sombrillas de playa ya est\u00e1n puestas, el paisaje florece &#8211; el verano en Mallorca se acerca. <!--more-->Aproveche la oportunidad de comprar la casa de sus sue\u00f1os, \u00a1el periodo de Semana Santa y el comienzo de la temporada est\u00e1n a la vuelta de la esquina! \u00a1Nos complace presentarle las \u00faltimas y m\u00e1s atractivas ofertas inmobiliarias que est\u00e1n esperando a ser descubiertas por usted!<\/p>\n<p>A lo largo de las \u00faltimas semanas, hemos a\u00f1adido numerosos anuncios de primera l\u00ednea que no dejan nada que desear. Ya sean lujosas villas con impresionantes vistas al mar, encantadoras fincas en el coraz\u00f3n del campo o modernos apartamentos en ubicaciones privilegiadas, tenemos la oferta adecuada para todos los gustos y presupuestos.<\/p>\n<p>Como agentes inmobiliarios con experiencia en el suroeste de Mallorca, estamos a su lado con asesoramiento profesional y apoyo individual. Tanto si desea comprar, vender o alquilar, le guiaremos en cada paso del proceso y le ayudaremos a tomar la mejor decisi\u00f3n.<\/p>\n<p>Aproveche la oportunidad de ponerse en contacto con nosotros y obtenga una primera visi\u00f3n general de nuestra oferta actual de propiedades. \u00a1Encontremos juntos la propiedad de sus sue\u00f1os en Mallorca!<\/p>\n<p>P.D.: No olvide seguirnos en nuestros canales de redes sociales para no perderse ning\u00fan nuevo listado y ofertas inmobiliarias.<\/p>\n<p>Saludos cordiales desde Mallorca,<\/p>\n<p>Su equipo de Casa Nova Properties S.L.<\/p>\n<p>&nbsp;<\/p>\n<p><img loading=\"lazy\" decoding=\"async\" class=\"alignnone size-full wp-image-8336\" src=\"https:\/\/www.mallorcaimmobilien.com\/blog\/es\/wp-content\/uploads\/2025\/03\/footer_750-1.jpg\" alt=\"\" width=\"750\" height=\"563\" srcset=\"https:\/\/www.mallorcaimmobilien.com\/blog\/es\/wp-content\/uploads\/2025\/03\/footer_750-1.jpg 750w, https:\/\/www.mallorcaimmobilien.com\/blog\/es\/wp-content\/uploads\/2025\/03\/footer_750-1-293x220.jpg 293w, https:\/\/www.mallorcaimmobilien.com\/blog\/es\/wp-content\/uploads\/2025\/03\/footer_750-1-554x416.jpg 554w\" sizes=\"auto, (max-width: 750px) 100vw, 750px\" \/><\/p>\n","protected":false},"excerpt":{"rendered":"<p>La temporada est\u00e1 a punto de comenzar: \u00a1le espera la propiedad de sus sue\u00f1os! Queridos entusiastas inmobiliarios, el sol brilla, las sombrillas de playa ya est\u00e1n puestas, el paisaje florece &#8211; el verano en Mallorca se acerca.<\/p>\n","protected":false},"author":2,"featured_media":8335,"comment_status":"open","ping_status":"open","sticky":false,"template":"","format":"standard","meta":{"footnotes":""},"categories":[1],"tags":[],"class_list":["post-8334","post","type-post","status-publish","format-standard","has-post-thumbnail","hentry","category-sin_asignacion"],"yoast_head":"<!-- This site is optimized with the Yoast SEO plugin v27.5 - https:\/\/yoast.com\/product\/yoast-seo-wordpress\/ -->\n<title>Inicio de la temporada en Mallorca - Immobilien Mallorca Blog<\/title>\n<meta name=\"description\" content=\"Aproveche la oportunidad de comprar la casa de sus sue\u00f1os, el comienzo de la temporada est\u00e1n a la vuelta de la esquina!\" \/>\n<meta name=\"robots\" content=\"index, follow, max-snippet:-1, max-image-preview:large, max-video-preview:-1\" \/>\n<link rel=\"canonical\" href=\"https:\/\/www.mallorcaimmobilien.com\/blog\/es\/inicio-de-la-temporada-en-mallorca\/\" \/>\n<meta property=\"og:locale\" content=\"es_ES\" \/>\n<meta property=\"og:type\" content=\"article\" \/>\n<meta property=\"og:title\" content=\"Inicio de la temporada en Mallorca - Immobilien Mallorca Blog\" \/>\n<meta property=\"og:description\" content=\"Aproveche la oportunidad de comprar la casa de sus sue\u00f1os, el comienzo de la temporada est\u00e1n a la vuelta de la esquina!\" \/>\n<meta property=\"og:url\" content=\"https:\/\/www.mallorcaimmobilien.com\/blog\/es\/inicio-de-la-temporada-en-mallorca\/\" \/>\n<meta property=\"og:site_name\" content=\"Immobilien Mallorca Blog\" \/>\n<meta property=\"article:publisher\" content=\"https:\/\/www.facebook.com\/casanova.immobilien.mallorca\" \/>\n<meta property=\"article:published_time\" content=\"2025-03-27T16:29:07+00:00\" \/>\n<meta property=\"og:image\" content=\"https:\/\/www.mallorcaimmobilien.com\/blog\/es\/wp-content\/uploads\/2025\/03\/header_750-1.jpg\" \/>\n\t<meta property=\"og:image:width\" content=\"750\" \/>\n\t<meta property=\"og:image:height\" content=\"563\" \/>\n\t<meta property=\"og:image:type\" content=\"image\/jpeg\" \/>\n<meta name=\"author\" content=\"Thilo Alt\" \/>\n<meta name=\"twitter:card\" content=\"summary_large_image\" \/>\n<meta name=\"twitter:creator\" content=\"@Immosantaponsa\" \/>\n<meta name=\"twitter:site\" content=\"@Immosantaponsa\" \/>\n<meta name=\"twitter:label1\" content=\"Escrito por\" \/>\n\t<meta name=\"twitter:data1\" content=\"Thilo Alt\" \/>\n\t<meta name=\"twitter:label2\" content=\"Tiempo de lectura\" \/>\n\t<meta name=\"twitter:data2\" content=\"2 minutos\" \/>\n<script type=\"application\/ld+json\" class=\"yoast-schema-graph\">{\"@context\":\"https:\\\/\\\/schema.org\",\"@graph\":[{\"@type\":\"Article\",\"@id\":\"https:\\\/\\\/www.mallorcaimmobilien.com\\\/blog\\\/es\\\/inicio-de-la-temporada-en-mallorca\\\/#article\",\"isPartOf\":{\"@id\":\"https:\\\/\\\/www.mallorcaimmobilien.com\\\/blog\\\/es\\\/inicio-de-la-temporada-en-mallorca\\\/\"},\"author\":{\"name\":\"Thilo Alt\",\"@id\":\"https:\\\/\\\/www.mallorcaimmobilien.com\\\/blog\\\/es\\\/#\\\/schema\\\/person\\\/2c54bcf9ef1047071358c9568daf9313\"},\"headline\":\"Inicio de la temporada en Mallorca\",\"datePublished\":\"2025-03-27T16:29:07+00:00\",\"mainEntityOfPage\":{\"@id\":\"https:\\\/\\\/www.mallorcaimmobilien.com\\\/blog\\\/es\\\/inicio-de-la-temporada-en-mallorca\\\/\"},\"wordCount\":259,\"commentCount\":0,\"publisher\":{\"@id\":\"https:\\\/\\\/www.mallorcaimmobilien.com\\\/blog\\\/es\\\/#organization\"},\"image\":{\"@id\":\"https:\\\/\\\/www.mallorcaimmobilien.com\\\/blog\\\/es\\\/inicio-de-la-temporada-en-mallorca\\\/#primaryimage\"},\"thumbnailUrl\":\"https:\\\/\\\/www.mallorcaimmobilien.com\\\/blog\\\/es\\\/wp-content\\\/uploads\\\/2025\\\/03\\\/header_750-1.jpg\",\"articleSection\":[\"sin asignaci\u00f3n\"],\"inLanguage\":\"es\",\"potentialAction\":[{\"@type\":\"CommentAction\",\"name\":\"Comment\",\"target\":[\"https:\\\/\\\/www.mallorcaimmobilien.com\\\/blog\\\/es\\\/inicio-de-la-temporada-en-mallorca\\\/#respond\"]}]},{\"@type\":\"WebPage\",\"@id\":\"https:\\\/\\\/www.mallorcaimmobilien.com\\\/blog\\\/es\\\/inicio-de-la-temporada-en-mallorca\\\/\",\"url\":\"https:\\\/\\\/www.mallorcaimmobilien.com\\\/blog\\\/es\\\/inicio-de-la-temporada-en-mallorca\\\/\",\"name\":\"Inicio de la temporada en Mallorca - Immobilien Mallorca Blog\",\"isPartOf\":{\"@id\":\"https:\\\/\\\/www.mallorcaimmobilien.com\\\/blog\\\/es\\\/#website\"},\"primaryImageOfPage\":{\"@id\":\"https:\\\/\\\/www.mallorcaimmobilien.com\\\/blog\\\/es\\\/inicio-de-la-temporada-en-mallorca\\\/#primaryimage\"},\"image\":{\"@id\":\"https:\\\/\\\/www.mallorcaimmobilien.com\\\/blog\\\/es\\\/inicio-de-la-temporada-en-mallorca\\\/#primaryimage\"},\"thumbnailUrl\":\"https:\\\/\\\/www.mallorcaimmobilien.com\\\/blog\\\/es\\\/wp-content\\\/uploads\\\/2025\\\/03\\\/header_750-1.jpg\",\"datePublished\":\"2025-03-27T16:29:07+00:00\",\"description\":\"Aproveche la oportunidad de comprar la casa de sus sue\u00f1os, el comienzo de la temporada est\u00e1n a la vuelta de la esquina!\",\"breadcrumb\":{\"@id\":\"https:\\\/\\\/www.mallorcaimmobilien.com\\\/blog\\\/es\\\/inicio-de-la-temporada-en-mallorca\\\/#breadcrumb\"},\"inLanguage\":\"es\",\"potentialAction\":[{\"@type\":\"ReadAction\",\"target\":[\"https:\\\/\\\/www.mallorcaimmobilien.com\\\/blog\\\/es\\\/inicio-de-la-temporada-en-mallorca\\\/\"]}]},{\"@type\":\"ImageObject\",\"inLanguage\":\"es\",\"@id\":\"https:\\\/\\\/www.mallorcaimmobilien.com\\\/blog\\\/es\\\/inicio-de-la-temporada-en-mallorca\\\/#primaryimage\",\"url\":\"https:\\\/\\\/www.mallorcaimmobilien.com\\\/blog\\\/es\\\/wp-content\\\/uploads\\\/2025\\\/03\\\/header_750-1.jpg\",\"contentUrl\":\"https:\\\/\\\/www.mallorcaimmobilien.com\\\/blog\\\/es\\\/wp-content\\\/uploads\\\/2025\\\/03\\\/header_750-1.jpg\",\"width\":750,\"height\":563,\"caption\":\"Inicio de la temporada en Mallorca\"},{\"@type\":\"BreadcrumbList\",\"@id\":\"https:\\\/\\\/www.mallorcaimmobilien.com\\\/blog\\\/es\\\/inicio-de-la-temporada-en-mallorca\\\/#breadcrumb\",\"itemListElement\":[{\"@type\":\"ListItem\",\"position\":1,\"name\":\"Startseite\",\"item\":\"https:\\\/\\\/www.mallorcaimmobilien.com\\\/blog\\\/es\\\/\"},{\"@type\":\"ListItem\",\"position\":2,\"name\":\"Inicio de la temporada en Mallorca\"}]},{\"@type\":\"WebSite\",\"@id\":\"https:\\\/\\\/www.mallorcaimmobilien.com\\\/blog\\\/es\\\/#website\",\"url\":\"https:\\\/\\\/www.mallorcaimmobilien.com\\\/blog\\\/es\\\/\",\"name\":\"Immobilien Mallorca Blog\",\"description\":\"Casa Nova Properties\",\"publisher\":{\"@id\":\"https:\\\/\\\/www.mallorcaimmobilien.com\\\/blog\\\/es\\\/#organization\"},\"potentialAction\":[{\"@type\":\"SearchAction\",\"target\":{\"@type\":\"EntryPoint\",\"urlTemplate\":\"https:\\\/\\\/www.mallorcaimmobilien.com\\\/blog\\\/es\\\/?s={search_term_string}\"},\"query-input\":{\"@type\":\"PropertyValueSpecification\",\"valueRequired\":true,\"valueName\":\"search_term_string\"}}],\"inLanguage\":\"es\"},{\"@type\":\"Organization\",\"@id\":\"https:\\\/\\\/www.mallorcaimmobilien.com\\\/blog\\\/es\\\/#organization\",\"name\":\"Casa Nova Properties S. L.\",\"url\":\"https:\\\/\\\/www.mallorcaimmobilien.com\\\/blog\\\/es\\\/\",\"logo\":{\"@type\":\"ImageObject\",\"inLanguage\":\"es\",\"@id\":\"https:\\\/\\\/www.mallorcaimmobilien.com\\\/blog\\\/es\\\/#\\\/schema\\\/logo\\\/image\\\/\",\"url\":\"\",\"contentUrl\":\"\",\"caption\":\"Casa Nova Properties S. L.\"},\"image\":{\"@id\":\"https:\\\/\\\/www.mallorcaimmobilien.com\\\/blog\\\/es\\\/#\\\/schema\\\/logo\\\/image\\\/\"},\"sameAs\":[\"https:\\\/\\\/www.facebook.com\\\/casanova.immobilien.mallorca\",\"https:\\\/\\\/x.com\\\/Immosantaponsa\",\"https:\\\/\\\/www.instagram.com\\\/casanovaproperties.mallorca\\\/\",\"http:\\\/\\\/www.pinterest.com\\\/cnpimmobilien\\\/\",\"https:\\\/\\\/www.youtube.com\\\/channel\\\/UC9PGIa8TcOBJrQEx3uGuLgw\"]},{\"@type\":\"Person\",\"@id\":\"https:\\\/\\\/www.mallorcaimmobilien.com\\\/blog\\\/es\\\/#\\\/schema\\\/person\\\/2c54bcf9ef1047071358c9568daf9313\",\"name\":\"Thilo Alt\",\"image\":{\"@type\":\"ImageObject\",\"inLanguage\":\"es\",\"@id\":\"https:\\\/\\\/secure.gravatar.com\\\/avatar\\\/982895c38c8bf94426d2459144e22e3bc4431a4ad16e74d9852dd4632fd9dc50?s=96&d=mm&r=g\",\"url\":\"https:\\\/\\\/secure.gravatar.com\\\/avatar\\\/982895c38c8bf94426d2459144e22e3bc4431a4ad16e74d9852dd4632fd9dc50?s=96&d=mm&r=g\",\"contentUrl\":\"https:\\\/\\\/secure.gravatar.com\\\/avatar\\\/982895c38c8bf94426d2459144e22e3bc4431a4ad16e74d9852dd4632fd9dc50?s=96&d=mm&r=g\",\"caption\":\"Thilo Alt\"},\"url\":\"https:\\\/\\\/www.mallorcaimmobilien.com\\\/blog\\\/es\\\/author\\\/thilo\\\/\"}]}<\/script>\n<!-- \/ Yoast SEO plugin. -->","yoast_head_json":{"title":"Inicio de la temporada en Mallorca - Immobilien Mallorca Blog","description":"Aproveche la oportunidad de comprar la casa de sus sue\u00f1os, el comienzo de la temporada est\u00e1n a la vuelta de la esquina!","robots":{"index":"index","follow":"follow","max-snippet":"max-snippet:-1","max-image-preview":"max-image-preview:large","max-video-preview":"max-video-preview:-1"},"canonical":"https:\/\/www.mallorcaimmobilien.com\/blog\/es\/inicio-de-la-temporada-en-mallorca\/","og_locale":"es_ES","og_type":"article","og_title":"Inicio de la temporada en Mallorca - Immobilien Mallorca Blog","og_description":"Aproveche la oportunidad de comprar la casa de sus sue\u00f1os, el comienzo de la temporada est\u00e1n a la vuelta de la esquina!","og_url":"https:\/\/www.mallorcaimmobilien.com\/blog\/es\/inicio-de-la-temporada-en-mallorca\/","og_site_name":"Immobilien Mallorca Blog","article_publisher":"https:\/\/www.facebook.com\/casanova.immobilien.mallorca","article_published_time":"2025-03-27T16:29:07+00:00","og_image":[{"width":750,"height":563,"url":"https:\/\/www.mallorcaimmobilien.com\/blog\/es\/wp-content\/uploads\/2025\/03\/header_750-1.jpg","type":"image\/jpeg"}],"author":"Thilo Alt","twitter_card":"summary_large_image","twitter_creator":"@Immosantaponsa","twitter_site":"@Immosantaponsa","twitter_misc":{"Escrito por":"Thilo Alt","Tiempo de lectura":"2 minutos"},"schema":{"@context":"https:\/\/schema.org","@graph":[{"@type":"Article","@id":"https:\/\/www.mallorcaimmobilien.com\/blog\/es\/inicio-de-la-temporada-en-mallorca\/#article","isPartOf":{"@id":"https:\/\/www.mallorcaimmobilien.com\/blog\/es\/inicio-de-la-temporada-en-mallorca\/"},"author":{"name":"Thilo Alt","@id":"https:\/\/www.mallorcaimmobilien.com\/blog\/es\/#\/schema\/person\/2c54bcf9ef1047071358c9568daf9313"},"headline":"Inicio de la temporada en Mallorca","datePublished":"2025-03-27T16:29:07+00:00","mainEntityOfPage":{"@id":"https:\/\/www.mallorcaimmobilien.com\/blog\/es\/inicio-de-la-temporada-en-mallorca\/"},"wordCount":259,"commentCount":0,"publisher":{"@id":"https:\/\/www.mallorcaimmobilien.com\/blog\/es\/#organization"},"image":{"@id":"https:\/\/www.mallorcaimmobilien.com\/blog\/es\/inicio-de-la-temporada-en-mallorca\/#primaryimage"},"thumbnailUrl":"https:\/\/www.mallorcaimmobilien.com\/blog\/es\/wp-content\/uploads\/2025\/03\/header_750-1.jpg","articleSection":["sin asignaci\u00f3n"],"inLanguage":"es","potentialAction":[{"@type":"CommentAction","name":"Comment","target":["https:\/\/www.mallorcaimmobilien.com\/blog\/es\/inicio-de-la-temporada-en-mallorca\/#respond"]}]},{"@type":"WebPage","@id":"https:\/\/www.mallorcaimmobilien.com\/blog\/es\/inicio-de-la-temporada-en-mallorca\/","url":"https:\/\/www.mallorcaimmobilien.com\/blog\/es\/inicio-de-la-temporada-en-mallorca\/","name":"Inicio de la temporada en Mallorca - Immobilien Mallorca Blog","isPartOf":{"@id":"https:\/\/www.mallorcaimmobilien.com\/blog\/es\/#website"},"primaryImageOfPage":{"@id":"https:\/\/www.mallorcaimmobilien.com\/blog\/es\/inicio-de-la-temporada-en-mallorca\/#primaryimage"},"image":{"@id":"https:\/\/www.mallorcaimmobilien.com\/blog\/es\/inicio-de-la-temporada-en-mallorca\/#primaryimage"},"thumbnailUrl":"https:\/\/www.mallorcaimmobilien.com\/blog\/es\/wp-content\/uploads\/2025\/03\/header_750-1.jpg","datePublished":"2025-03-27T16:29:07+00:00","description":"Aproveche la oportunidad de comprar la casa de sus sue\u00f1os, el comienzo de la temporada est\u00e1n a la vuelta de la esquina!","breadcrumb":{"@id":"https:\/\/www.mallorcaimmobilien.com\/blog\/es\/inicio-de-la-temporada-en-mallorca\/#breadcrumb"},"inLanguage":"es","potentialAction":[{"@type":"ReadAction","target":["https:\/\/www.mallorcaimmobilien.com\/blog\/es\/inicio-de-la-temporada-en-mallorca\/"]}]},{"@type":"ImageObject","inLanguage":"es","@id":"https:\/\/www.mallorcaimmobilien.com\/blog\/es\/inicio-de-la-temporada-en-mallorca\/#primaryimage","url":"https:\/\/www.mallorcaimmobilien.com\/blog\/es\/wp-content\/uploads\/2025\/03\/header_750-1.jpg","contentUrl":"https:\/\/www.mallorcaimmobilien.com\/blog\/es\/wp-content\/uploads\/2025\/03\/header_750-1.jpg","width":750,"height":563,"caption":"Inicio de la temporada en Mallorca"},{"@type":"BreadcrumbList","@id":"https:\/\/www.mallorcaimmobilien.com\/blog\/es\/inicio-de-la-temporada-en-mallorca\/#breadcrumb","itemListElement":[{"@type":"ListItem","position":1,"name":"Startseite","item":"https:\/\/www.mallorcaimmobilien.com\/blog\/es\/"},{"@type":"ListItem","position":2,"name":"Inicio de la temporada en Mallorca"}]},{"@type":"WebSite","@id":"https:\/\/www.mallorcaimmobilien.com\/blog\/es\/#website","url":"https:\/\/www.mallorcaimmobilien.com\/blog\/es\/","name":"Immobilien Mallorca Blog","description":"Casa Nova Properties","publisher":{"@id":"https:\/\/www.mallorcaimmobilien.com\/blog\/es\/#organization"},"potentialAction":[{"@type":"SearchAction","target":{"@type":"EntryPoint","urlTemplate":"https:\/\/www.mallorcaimmobilien.com\/blog\/es\/?s={search_term_string}"},"query-input":{"@type":"PropertyValueSpecification","valueRequired":true,"valueName":"search_term_string"}}],"inLanguage":"es"},{"@type":"Organization","@id":"https:\/\/www.mallorcaimmobilien.com\/blog\/es\/#organization","name":"Casa Nova Properties S. L.","url":"https:\/\/www.mallorcaimmobilien.com\/blog\/es\/","logo":{"@type":"ImageObject","inLanguage":"es","@id":"https:\/\/www.mallorcaimmobilien.com\/blog\/es\/#\/schema\/logo\/image\/","url":"","contentUrl":"","caption":"Casa Nova Properties S. L."},"image":{"@id":"https:\/\/www.mallorcaimmobilien.com\/blog\/es\/#\/schema\/logo\/image\/"},"sameAs":["https:\/\/www.facebook.com\/casanova.immobilien.mallorca","https:\/\/x.com\/Immosantaponsa","https:\/\/www.instagram.com\/casanovaproperties.mallorca\/","http:\/\/www.pinterest.com\/cnpimmobilien\/","https:\/\/www.youtube.com\/channel\/UC9PGIa8TcOBJrQEx3uGuLgw"]},{"@type":"Person","@id":"https:\/\/www.mallorcaimmobilien.com\/blog\/es\/#\/schema\/person\/2c54bcf9ef1047071358c9568daf9313","name":"Thilo Alt","image":{"@type":"ImageObject","inLanguage":"es","@id":"https:\/\/secure.gravatar.com\/avatar\/982895c38c8bf94426d2459144e22e3bc4431a4ad16e74d9852dd4632fd9dc50?s=96&d=mm&r=g","url":"https:\/\/secure.gravatar.com\/avatar\/982895c38c8bf94426d2459144e22e3bc4431a4ad16e74d9852dd4632fd9dc50?s=96&d=mm&r=g","contentUrl":"https:\/\/secure.gravatar.com\/avatar\/982895c38c8bf94426d2459144e22e3bc4431a4ad16e74d9852dd4632fd9dc50?s=96&d=mm&r=g","caption":"Thilo Alt"},"url":"https:\/\/www.mallorcaimmobilien.com\/blog\/es\/author\/thilo\/"}]}},"_links":{"self":[{"href":"https:\/\/www.mallorcaimmobilien.com\/blog\/es\/wp-json\/wp\/v2\/posts\/8334","targetHints":{"allow":["GET"]}}],"collection":[{"href":"https:\/\/www.mallorcaimmobilien.com\/blog\/es\/wp-json\/wp\/v2\/posts"}],"about":[{"href":"https:\/\/www.mallorcaimmobilien.com\/blog\/es\/wp-json\/wp\/v2\/types\/post"}],"author":[{"embeddable":true,"href":"https:\/\/www.mallorcaimmobilien.com\/blog\/es\/wp-json\/wp\/v2\/users\/2"}],"replies":[{"embeddable":true,"href":"https:\/\/www.mallorcaimmobilien.com\/blog\/es\/wp-json\/wp\/v2\/comments?post=8334"}],"version-history":[{"count":1,"href":"https:\/\/www.mallorcaimmobilien.com\/blog\/es\/wp-json\/wp\/v2\/posts\/8334\/revisions"}],"predecessor-version":[{"id":8337,"href":"https:\/\/www.mallorcaimmobilien.com\/blog\/es\/wp-json\/wp\/v2\/posts\/8334\/revisions\/8337"}],"wp:featuredmedia":[{"embeddable":true,"href":"https:\/\/www.mallorcaimmobilien.com\/blog\/es\/wp-json\/wp\/v2\/media\/8335"}],"wp:attachment":[{"href":"https:\/\/www.mallorcaimmobilien.com\/blog\/es\/wp-json\/wp\/v2\/media?parent=8334"}],"wp:term":[{"taxonomy":"category","embeddable":true,"href":"https:\/\/www.mallorcaimmobilien.com\/blog\/es\/wp-json\/wp\/v2\/categories?post=8334"},{"taxonomy":"post_tag","embeddable":true,"href":"https:\/\/www.mallorcaimmobilien.com\/blog\/es\/wp-json\/wp\/v2\/tags?post=8334"}],"curies":[{"name":"wp","href":"https:\/\/api.w.org\/{rel}","templated":true}]}}