{"id":8339,"date":"2025-04-13T16:56:39","date_gmt":"2025-04-13T16:56:39","guid":{"rendered":"https:\/\/www.mallorcaimmobilien.com\/blog\/es\/?p=8339"},"modified":"2025-04-13T16:56:39","modified_gmt":"2025-04-13T16:56:39","slug":"semana-santa-en-mallorca-3","status":"publish","type":"post","link":"https:\/\/www.mallorcaimmobilien.com\/blog\/es\/semana-santa-en-mallorca-3\/","title":{"rendered":"Semana Santa en Mallorca"},"content":{"rendered":"<p><img loading=\"lazy\" decoding=\"async\" class=\"alignnone size-full wp-image-8340\" src=\"https:\/\/www.mallorcaimmobilien.com\/blog\/es\/wp-content\/uploads\/2025\/04\/header_750.jpg\" alt=\"Semana Santa en Mallorca \" width=\"750\" height=\"420\" srcset=\"https:\/\/www.mallorcaimmobilien.com\/blog\/es\/wp-content\/uploads\/2025\/04\/header_750.jpg 750w, https:\/\/www.mallorcaimmobilien.com\/blog\/es\/wp-content\/uploads\/2025\/04\/header_750-330x185.jpg 330w, https:\/\/www.mallorcaimmobilien.com\/blog\/es\/wp-content\/uploads\/2025\/04\/header_750-743x416.jpg 743w\" sizes=\"auto, (max-width: 750px) 100vw, 750px\" \/><\/p>\n<h2>Semana Santa en Mallorca<\/h2>\n<p>Queridos entusiastas inmobiliarios,<\/p>\n<p>\u00a1la Semana Santa est\u00e1 a la vuelta de la esquina! Disfruten del ambiente floreciente, de festividades como la \u201cprocesi\u00f3n de cristo de la sangre\u201d que aparece en la foto de portada y de los mercadillos sociables que tienen lugar en esta \u00e9poca tan especial.<!--more--><\/p>\n<p>El sector inmobiliario tambi\u00e9n est\u00e1 ya en plena marcha. La demanda aumenta constantemente y con ella las oportunidades de hacer realidad su sue\u00f1o de vivir bajo el sol de Mallorca. Estaremos encantados de presentarle nuestra variada cartera de propiedades. Con una gran variedad de propiedades nuevas, tenemos la propiedad adecuada para cada gusto y presupuesto -ya sea un acogedor piso, una lujosa villa o una encantadora casa adosada.<\/p>\n<p>Le deseamos a usted y a sus seres queridos unas felices fiestas y esperamos poder ayudarle en su b\u00fasqueda de la oferta inmobiliaria perfecta.<\/p>\n<p>P.D.: No olvide seguirnos en nuestras redes sociales para no perderse ning\u00fan anuncio nuevo.<\/p>\n<p>Saludos cordiales desde Mallorca<br \/>\n<strong>Atentamente, su equipo de Casa Nova Properties S.L.<\/strong><\/p>\n<p>&nbsp;<\/p>\n<p><img loading=\"lazy\" decoding=\"async\" class=\"alignnone size-full wp-image-8341\" src=\"https:\/\/www.mallorcaimmobilien.com\/blog\/es\/wp-content\/uploads\/2025\/04\/footer_es.jpg\" alt=\"\" width=\"750\" height=\"421\" srcset=\"https:\/\/www.mallorcaimmobilien.com\/blog\/es\/wp-content\/uploads\/2025\/04\/footer_es.jpg 750w, https:\/\/www.mallorcaimmobilien.com\/blog\/es\/wp-content\/uploads\/2025\/04\/footer_es-330x185.jpg 330w, https:\/\/www.mallorcaimmobilien.com\/blog\/es\/wp-content\/uploads\/2025\/04\/footer_es-741x416.jpg 741w\" sizes=\"auto, (max-width: 750px) 100vw, 750px\" \/><\/p>\n","protected":false},"excerpt":{"rendered":"<p>Semana Santa en Mallorca Queridos entusiastas inmobiliarios, \u00a1la Semana Santa est\u00e1 a la vuelta de la esquina! Disfruten del ambiente floreciente, de festividades como la \u201cprocesi\u00f3n de cristo de la sangre\u201d que aparece en la foto de portada y de los mercadillos sociables que tienen lugar en esta \u00e9poca tan especial.<\/p>\n","protected":false},"author":2,"featured_media":8340,"comment_status":"open","ping_status":"open","sticky":false,"template":"","format":"standard","meta":{"footnotes":""},"categories":[1],"tags":[],"class_list":["post-8339","post","type-post","status-publish","format-standard","has-post-thumbnail","hentry","category-sin_asignacion"],"yoast_head":"<!-- This site is optimized with the Yoast SEO plugin v27.4 - https:\/\/yoast.com\/product\/yoast-seo-wordpress\/ -->\n<title>Semana Santa en Mallorca - Immobilien Mallorca Blog<\/title>\n<meta name=\"description\" content=\"La demanda aumenta constantemente y con ella las oportunidades de hacer realidad su sue\u00f1o de vivir bajo el sol de Mallorca.\" \/>\n<meta name=\"robots\" content=\"index, follow, max-snippet:-1, max-image-preview:large, max-video-preview:-1\" \/>\n<link rel=\"canonical\" href=\"https:\/\/www.mallorcaimmobilien.com\/blog\/es\/semana-santa-en-mallorca-3\/\" \/>\n<meta property=\"og:locale\" content=\"es_ES\" \/>\n<meta property=\"og:type\" content=\"article\" \/>\n<meta property=\"og:title\" content=\"Semana Santa en Mallorca - Immobilien Mallorca Blog\" \/>\n<meta property=\"og:description\" content=\"La demanda aumenta constantemente y con ella las oportunidades de hacer realidad su sue\u00f1o de vivir bajo el sol de Mallorca.\" \/>\n<meta property=\"og:url\" content=\"https:\/\/www.mallorcaimmobilien.com\/blog\/es\/semana-santa-en-mallorca-3\/\" \/>\n<meta property=\"og:site_name\" content=\"Immobilien Mallorca Blog\" \/>\n<meta property=\"article:publisher\" content=\"https:\/\/www.facebook.com\/casanova.immobilien.mallorca\" \/>\n<meta property=\"article:published_time\" content=\"2025-04-13T16:56:39+00:00\" \/>\n<meta property=\"og:image\" content=\"https:\/\/www.mallorcaimmobilien.com\/blog\/es\/wp-content\/uploads\/2025\/04\/header_750.jpg\" \/>\n\t<meta property=\"og:image:width\" content=\"750\" \/>\n\t<meta property=\"og:image:height\" content=\"420\" \/>\n\t<meta property=\"og:image:type\" content=\"image\/jpeg\" \/>\n<meta name=\"author\" content=\"Thilo Alt\" \/>\n<meta name=\"twitter:card\" content=\"summary_large_image\" \/>\n<meta name=\"twitter:creator\" content=\"@Immosantaponsa\" \/>\n<meta name=\"twitter:site\" content=\"@Immosantaponsa\" \/>\n<meta name=\"twitter:label1\" content=\"Escrito por\" \/>\n\t<meta name=\"twitter:data1\" content=\"Thilo Alt\" \/>\n\t<meta name=\"twitter:label2\" content=\"Tiempo de lectura\" \/>\n\t<meta name=\"twitter:data2\" content=\"2 minutos\" \/>\n<script type=\"application\/ld+json\" class=\"yoast-schema-graph\">{\"@context\":\"https:\\\/\\\/schema.org\",\"@graph\":[{\"@type\":\"Article\",\"@id\":\"https:\\\/\\\/www.mallorcaimmobilien.com\\\/blog\\\/es\\\/semana-santa-en-mallorca-3\\\/#article\",\"isPartOf\":{\"@id\":\"https:\\\/\\\/www.mallorcaimmobilien.com\\\/blog\\\/es\\\/semana-santa-en-mallorca-3\\\/\"},\"author\":{\"name\":\"Thilo Alt\",\"@id\":\"https:\\\/\\\/www.mallorcaimmobilien.com\\\/blog\\\/es\\\/#\\\/schema\\\/person\\\/2c54bcf9ef1047071358c9568daf9313\"},\"headline\":\"Semana Santa en Mallorca\",\"datePublished\":\"2025-04-13T16:56:39+00:00\",\"mainEntityOfPage\":{\"@id\":\"https:\\\/\\\/www.mallorcaimmobilien.com\\\/blog\\\/es\\\/semana-santa-en-mallorca-3\\\/\"},\"wordCount\":181,\"commentCount\":0,\"publisher\":{\"@id\":\"https:\\\/\\\/www.mallorcaimmobilien.com\\\/blog\\\/es\\\/#organization\"},\"image\":{\"@id\":\"https:\\\/\\\/www.mallorcaimmobilien.com\\\/blog\\\/es\\\/semana-santa-en-mallorca-3\\\/#primaryimage\"},\"thumbnailUrl\":\"https:\\\/\\\/www.mallorcaimmobilien.com\\\/blog\\\/es\\\/wp-content\\\/uploads\\\/2025\\\/04\\\/header_750.jpg\",\"articleSection\":[\"sin asignaci\u00f3n\"],\"inLanguage\":\"es\",\"potentialAction\":[{\"@type\":\"CommentAction\",\"name\":\"Comment\",\"target\":[\"https:\\\/\\\/www.mallorcaimmobilien.com\\\/blog\\\/es\\\/semana-santa-en-mallorca-3\\\/#respond\"]}]},{\"@type\":\"WebPage\",\"@id\":\"https:\\\/\\\/www.mallorcaimmobilien.com\\\/blog\\\/es\\\/semana-santa-en-mallorca-3\\\/\",\"url\":\"https:\\\/\\\/www.mallorcaimmobilien.com\\\/blog\\\/es\\\/semana-santa-en-mallorca-3\\\/\",\"name\":\"Semana Santa en Mallorca - Immobilien Mallorca Blog\",\"isPartOf\":{\"@id\":\"https:\\\/\\\/www.mallorcaimmobilien.com\\\/blog\\\/es\\\/#website\"},\"primaryImageOfPage\":{\"@id\":\"https:\\\/\\\/www.mallorcaimmobilien.com\\\/blog\\\/es\\\/semana-santa-en-mallorca-3\\\/#primaryimage\"},\"image\":{\"@id\":\"https:\\\/\\\/www.mallorcaimmobilien.com\\\/blog\\\/es\\\/semana-santa-en-mallorca-3\\\/#primaryimage\"},\"thumbnailUrl\":\"https:\\\/\\\/www.mallorcaimmobilien.com\\\/blog\\\/es\\\/wp-content\\\/uploads\\\/2025\\\/04\\\/header_750.jpg\",\"datePublished\":\"2025-04-13T16:56:39+00:00\",\"description\":\"La demanda aumenta constantemente y con ella las oportunidades de hacer realidad su sue\u00f1o de vivir bajo el sol de Mallorca.\",\"breadcrumb\":{\"@id\":\"https:\\\/\\\/www.mallorcaimmobilien.com\\\/blog\\\/es\\\/semana-santa-en-mallorca-3\\\/#breadcrumb\"},\"inLanguage\":\"es\",\"potentialAction\":[{\"@type\":\"ReadAction\",\"target\":[\"https:\\\/\\\/www.mallorcaimmobilien.com\\\/blog\\\/es\\\/semana-santa-en-mallorca-3\\\/\"]}]},{\"@type\":\"ImageObject\",\"inLanguage\":\"es\",\"@id\":\"https:\\\/\\\/www.mallorcaimmobilien.com\\\/blog\\\/es\\\/semana-santa-en-mallorca-3\\\/#primaryimage\",\"url\":\"https:\\\/\\\/www.mallorcaimmobilien.com\\\/blog\\\/es\\\/wp-content\\\/uploads\\\/2025\\\/04\\\/header_750.jpg\",\"contentUrl\":\"https:\\\/\\\/www.mallorcaimmobilien.com\\\/blog\\\/es\\\/wp-content\\\/uploads\\\/2025\\\/04\\\/header_750.jpg\",\"width\":750,\"height\":420,\"caption\":\"Semana Santa en Mallorca\"},{\"@type\":\"BreadcrumbList\",\"@id\":\"https:\\\/\\\/www.mallorcaimmobilien.com\\\/blog\\\/es\\\/semana-santa-en-mallorca-3\\\/#breadcrumb\",\"itemListElement\":[{\"@type\":\"ListItem\",\"position\":1,\"name\":\"Startseite\",\"item\":\"https:\\\/\\\/www.mallorcaimmobilien.com\\\/blog\\\/es\\\/\"},{\"@type\":\"ListItem\",\"position\":2,\"name\":\"Semana Santa en Mallorca\"}]},{\"@type\":\"WebSite\",\"@id\":\"https:\\\/\\\/www.mallorcaimmobilien.com\\\/blog\\\/es\\\/#website\",\"url\":\"https:\\\/\\\/www.mallorcaimmobilien.com\\\/blog\\\/es\\\/\",\"name\":\"Immobilien Mallorca Blog\",\"description\":\"Casa Nova Properties\",\"publisher\":{\"@id\":\"https:\\\/\\\/www.mallorcaimmobilien.com\\\/blog\\\/es\\\/#organization\"},\"potentialAction\":[{\"@type\":\"SearchAction\",\"target\":{\"@type\":\"EntryPoint\",\"urlTemplate\":\"https:\\\/\\\/www.mallorcaimmobilien.com\\\/blog\\\/es\\\/?s={search_term_string}\"},\"query-input\":{\"@type\":\"PropertyValueSpecification\",\"valueRequired\":true,\"valueName\":\"search_term_string\"}}],\"inLanguage\":\"es\"},{\"@type\":\"Organization\",\"@id\":\"https:\\\/\\\/www.mallorcaimmobilien.com\\\/blog\\\/es\\\/#organization\",\"name\":\"Casa Nova Properties S. L.\",\"url\":\"https:\\\/\\\/www.mallorcaimmobilien.com\\\/blog\\\/es\\\/\",\"logo\":{\"@type\":\"ImageObject\",\"inLanguage\":\"es\",\"@id\":\"https:\\\/\\\/www.mallorcaimmobilien.com\\\/blog\\\/es\\\/#\\\/schema\\\/logo\\\/image\\\/\",\"url\":\"\",\"contentUrl\":\"\",\"caption\":\"Casa Nova Properties S. L.\"},\"image\":{\"@id\":\"https:\\\/\\\/www.mallorcaimmobilien.com\\\/blog\\\/es\\\/#\\\/schema\\\/logo\\\/image\\\/\"},\"sameAs\":[\"https:\\\/\\\/www.facebook.com\\\/casanova.immobilien.mallorca\",\"https:\\\/\\\/x.com\\\/Immosantaponsa\",\"https:\\\/\\\/www.instagram.com\\\/casanovaproperties.mallorca\\\/\",\"http:\\\/\\\/www.pinterest.com\\\/cnpimmobilien\\\/\",\"https:\\\/\\\/www.youtube.com\\\/channel\\\/UC9PGIa8TcOBJrQEx3uGuLgw\"]},{\"@type\":\"Person\",\"@id\":\"https:\\\/\\\/www.mallorcaimmobilien.com\\\/blog\\\/es\\\/#\\\/schema\\\/person\\\/2c54bcf9ef1047071358c9568daf9313\",\"name\":\"Thilo Alt\",\"image\":{\"@type\":\"ImageObject\",\"inLanguage\":\"es\",\"@id\":\"https:\\\/\\\/secure.gravatar.com\\\/avatar\\\/982895c38c8bf94426d2459144e22e3bc4431a4ad16e74d9852dd4632fd9dc50?s=96&d=mm&r=g\",\"url\":\"https:\\\/\\\/secure.gravatar.com\\\/avatar\\\/982895c38c8bf94426d2459144e22e3bc4431a4ad16e74d9852dd4632fd9dc50?s=96&d=mm&r=g\",\"contentUrl\":\"https:\\\/\\\/secure.gravatar.com\\\/avatar\\\/982895c38c8bf94426d2459144e22e3bc4431a4ad16e74d9852dd4632fd9dc50?s=96&d=mm&r=g\",\"caption\":\"Thilo Alt\"},\"url\":\"https:\\\/\\\/www.mallorcaimmobilien.com\\\/blog\\\/es\\\/author\\\/thilo\\\/\"}]}<\/script>\n<!-- \/ Yoast SEO plugin. -->","yoast_head_json":{"title":"Semana Santa en Mallorca - Immobilien Mallorca Blog","description":"La demanda aumenta constantemente y con ella las oportunidades de hacer realidad su sue\u00f1o de vivir bajo el sol de Mallorca.","robots":{"index":"index","follow":"follow","max-snippet":"max-snippet:-1","max-image-preview":"max-image-preview:large","max-video-preview":"max-video-preview:-1"},"canonical":"https:\/\/www.mallorcaimmobilien.com\/blog\/es\/semana-santa-en-mallorca-3\/","og_locale":"es_ES","og_type":"article","og_title":"Semana Santa en Mallorca - Immobilien Mallorca Blog","og_description":"La demanda aumenta constantemente y con ella las oportunidades de hacer realidad su sue\u00f1o de vivir bajo el sol de Mallorca.","og_url":"https:\/\/www.mallorcaimmobilien.com\/blog\/es\/semana-santa-en-mallorca-3\/","og_site_name":"Immobilien Mallorca Blog","article_publisher":"https:\/\/www.facebook.com\/casanova.immobilien.mallorca","article_published_time":"2025-04-13T16:56:39+00:00","og_image":[{"width":750,"height":420,"url":"https:\/\/www.mallorcaimmobilien.com\/blog\/es\/wp-content\/uploads\/2025\/04\/header_750.jpg","type":"image\/jpeg"}],"author":"Thilo Alt","twitter_card":"summary_large_image","twitter_creator":"@Immosantaponsa","twitter_site":"@Immosantaponsa","twitter_misc":{"Escrito por":"Thilo Alt","Tiempo de lectura":"2 minutos"},"schema":{"@context":"https:\/\/schema.org","@graph":[{"@type":"Article","@id":"https:\/\/www.mallorcaimmobilien.com\/blog\/es\/semana-santa-en-mallorca-3\/#article","isPartOf":{"@id":"https:\/\/www.mallorcaimmobilien.com\/blog\/es\/semana-santa-en-mallorca-3\/"},"author":{"name":"Thilo Alt","@id":"https:\/\/www.mallorcaimmobilien.com\/blog\/es\/#\/schema\/person\/2c54bcf9ef1047071358c9568daf9313"},"headline":"Semana Santa en Mallorca","datePublished":"2025-04-13T16:56:39+00:00","mainEntityOfPage":{"@id":"https:\/\/www.mallorcaimmobilien.com\/blog\/es\/semana-santa-en-mallorca-3\/"},"wordCount":181,"commentCount":0,"publisher":{"@id":"https:\/\/www.mallorcaimmobilien.com\/blog\/es\/#organization"},"image":{"@id":"https:\/\/www.mallorcaimmobilien.com\/blog\/es\/semana-santa-en-mallorca-3\/#primaryimage"},"thumbnailUrl":"https:\/\/www.mallorcaimmobilien.com\/blog\/es\/wp-content\/uploads\/2025\/04\/header_750.jpg","articleSection":["sin asignaci\u00f3n"],"inLanguage":"es","potentialAction":[{"@type":"CommentAction","name":"Comment","target":["https:\/\/www.mallorcaimmobilien.com\/blog\/es\/semana-santa-en-mallorca-3\/#respond"]}]},{"@type":"WebPage","@id":"https:\/\/www.mallorcaimmobilien.com\/blog\/es\/semana-santa-en-mallorca-3\/","url":"https:\/\/www.mallorcaimmobilien.com\/blog\/es\/semana-santa-en-mallorca-3\/","name":"Semana Santa en Mallorca - Immobilien Mallorca Blog","isPartOf":{"@id":"https:\/\/www.mallorcaimmobilien.com\/blog\/es\/#website"},"primaryImageOfPage":{"@id":"https:\/\/www.mallorcaimmobilien.com\/blog\/es\/semana-santa-en-mallorca-3\/#primaryimage"},"image":{"@id":"https:\/\/www.mallorcaimmobilien.com\/blog\/es\/semana-santa-en-mallorca-3\/#primaryimage"},"thumbnailUrl":"https:\/\/www.mallorcaimmobilien.com\/blog\/es\/wp-content\/uploads\/2025\/04\/header_750.jpg","datePublished":"2025-04-13T16:56:39+00:00","description":"La demanda aumenta constantemente y con ella las oportunidades de hacer realidad su sue\u00f1o de vivir bajo el sol de Mallorca.","breadcrumb":{"@id":"https:\/\/www.mallorcaimmobilien.com\/blog\/es\/semana-santa-en-mallorca-3\/#breadcrumb"},"inLanguage":"es","potentialAction":[{"@type":"ReadAction","target":["https:\/\/www.mallorcaimmobilien.com\/blog\/es\/semana-santa-en-mallorca-3\/"]}]},{"@type":"ImageObject","inLanguage":"es","@id":"https:\/\/www.mallorcaimmobilien.com\/blog\/es\/semana-santa-en-mallorca-3\/#primaryimage","url":"https:\/\/www.mallorcaimmobilien.com\/blog\/es\/wp-content\/uploads\/2025\/04\/header_750.jpg","contentUrl":"https:\/\/www.mallorcaimmobilien.com\/blog\/es\/wp-content\/uploads\/2025\/04\/header_750.jpg","width":750,"height":420,"caption":"Semana Santa en Mallorca"},{"@type":"BreadcrumbList","@id":"https:\/\/www.mallorcaimmobilien.com\/blog\/es\/semana-santa-en-mallorca-3\/#breadcrumb","itemListElement":[{"@type":"ListItem","position":1,"name":"Startseite","item":"https:\/\/www.mallorcaimmobilien.com\/blog\/es\/"},{"@type":"ListItem","position":2,"name":"Semana Santa en Mallorca"}]},{"@type":"WebSite","@id":"https:\/\/www.mallorcaimmobilien.com\/blog\/es\/#website","url":"https:\/\/www.mallorcaimmobilien.com\/blog\/es\/","name":"Immobilien Mallorca Blog","description":"Casa Nova Properties","publisher":{"@id":"https:\/\/www.mallorcaimmobilien.com\/blog\/es\/#organization"},"potentialAction":[{"@type":"SearchAction","target":{"@type":"EntryPoint","urlTemplate":"https:\/\/www.mallorcaimmobilien.com\/blog\/es\/?s={search_term_string}"},"query-input":{"@type":"PropertyValueSpecification","valueRequired":true,"valueName":"search_term_string"}}],"inLanguage":"es"},{"@type":"Organization","@id":"https:\/\/www.mallorcaimmobilien.com\/blog\/es\/#organization","name":"Casa Nova Properties S. L.","url":"https:\/\/www.mallorcaimmobilien.com\/blog\/es\/","logo":{"@type":"ImageObject","inLanguage":"es","@id":"https:\/\/www.mallorcaimmobilien.com\/blog\/es\/#\/schema\/logo\/image\/","url":"","contentUrl":"","caption":"Casa Nova Properties S. L."},"image":{"@id":"https:\/\/www.mallorcaimmobilien.com\/blog\/es\/#\/schema\/logo\/image\/"},"sameAs":["https:\/\/www.facebook.com\/casanova.immobilien.mallorca","https:\/\/x.com\/Immosantaponsa","https:\/\/www.instagram.com\/casanovaproperties.mallorca\/","http:\/\/www.pinterest.com\/cnpimmobilien\/","https:\/\/www.youtube.com\/channel\/UC9PGIa8TcOBJrQEx3uGuLgw"]},{"@type":"Person","@id":"https:\/\/www.mallorcaimmobilien.com\/blog\/es\/#\/schema\/person\/2c54bcf9ef1047071358c9568daf9313","name":"Thilo Alt","image":{"@type":"ImageObject","inLanguage":"es","@id":"https:\/\/secure.gravatar.com\/avatar\/982895c38c8bf94426d2459144e22e3bc4431a4ad16e74d9852dd4632fd9dc50?s=96&d=mm&r=g","url":"https:\/\/secure.gravatar.com\/avatar\/982895c38c8bf94426d2459144e22e3bc4431a4ad16e74d9852dd4632fd9dc50?s=96&d=mm&r=g","contentUrl":"https:\/\/secure.gravatar.com\/avatar\/982895c38c8bf94426d2459144e22e3bc4431a4ad16e74d9852dd4632fd9dc50?s=96&d=mm&r=g","caption":"Thilo Alt"},"url":"https:\/\/www.mallorcaimmobilien.com\/blog\/es\/author\/thilo\/"}]}},"_links":{"self":[{"href":"https:\/\/www.mallorcaimmobilien.com\/blog\/es\/wp-json\/wp\/v2\/posts\/8339","targetHints":{"allow":["GET"]}}],"collection":[{"href":"https:\/\/www.mallorcaimmobilien.com\/blog\/es\/wp-json\/wp\/v2\/posts"}],"about":[{"href":"https:\/\/www.mallorcaimmobilien.com\/blog\/es\/wp-json\/wp\/v2\/types\/post"}],"author":[{"embeddable":true,"href":"https:\/\/www.mallorcaimmobilien.com\/blog\/es\/wp-json\/wp\/v2\/users\/2"}],"replies":[{"embeddable":true,"href":"https:\/\/www.mallorcaimmobilien.com\/blog\/es\/wp-json\/wp\/v2\/comments?post=8339"}],"version-history":[{"count":1,"href":"https:\/\/www.mallorcaimmobilien.com\/blog\/es\/wp-json\/wp\/v2\/posts\/8339\/revisions"}],"predecessor-version":[{"id":8342,"href":"https:\/\/www.mallorcaimmobilien.com\/blog\/es\/wp-json\/wp\/v2\/posts\/8339\/revisions\/8342"}],"wp:featuredmedia":[{"embeddable":true,"href":"https:\/\/www.mallorcaimmobilien.com\/blog\/es\/wp-json\/wp\/v2\/media\/8340"}],"wp:attachment":[{"href":"https:\/\/www.mallorcaimmobilien.com\/blog\/es\/wp-json\/wp\/v2\/media?parent=8339"}],"wp:term":[{"taxonomy":"category","embeddable":true,"href":"https:\/\/www.mallorcaimmobilien.com\/blog\/es\/wp-json\/wp\/v2\/categories?post=8339"},{"taxonomy":"post_tag","embeddable":true,"href":"https:\/\/www.mallorcaimmobilien.com\/blog\/es\/wp-json\/wp\/v2\/tags?post=8339"}],"curies":[{"name":"wp","href":"https:\/\/api.w.org\/{rel}","templated":true}]}}